{"id":15309,"date":"2023-06-23T10:02:59","date_gmt":"2023-06-23T16:02:59","guid":{"rendered":"https:\/\/gobernacionaltaverapaz.gob.gt\/?p=15309"},"modified":"2023-07-27T10:19:20","modified_gmt":"2023-07-27T16:19:20","slug":"estudiantes-con-especialidad-en-dibujo-continuan-aprendiendo-tecnicas-creativas","status":"publish","type":"post","link":"https:\/\/gobernacionaltaverapaz.gob.gt\/?p=15309","title":{"rendered":"Estudiantes con especialidad en Dibujo contin\u00faan aprendiendo t\u00e9cnicas"},"content":{"rendered":"<p style=\"text-align: justify;\">Los estudiantes de la academia de arte con especialidad en <a href=\"https:\/\/www.facebook.com\/hashtag\/dibujo?__eep__=6&amp;__cft__[0]=AZWYq34iur0qmR-x7CrIQfFXvbdLFOcjKT02rLzGm8dSrtCDu0MXEwyHTN6OW1FJfqPNRLCwctZM5EgZrQlc90dewZVCosUTCcaSUtPuPIaW94KWpVt8KqooQ6yuqDVWuKUjosrKyI11Tk-Iw4h4Ecz3iWff9mXur0SYgWopqcokaeyuOU2lKMCC92LTCeG6WsFfv8NmplCcbc6qwdqQxo5P&amp;__tn__=*NK-y-R\" target=\"_blank\" rel=\"noopener\">#Dibujo<\/a>, contin\u00faan aprendiendo t\u00e9cnicas creativas dentro del <a href=\"https:\/\/www.facebook.com\/ParqueDeLaPazZona21?__cft__[0]=AZWYq34iur0qmR-x7CrIQfFXvbdLFOcjKT02rLzGm8dSrtCDu0MXEwyHTN6OW1FJfqPNRLCwctZM5EgZrQlc90dewZVCosUTCcaSUtPuPIaW94KWpVt8KqooQ6yuqDVWuKUjosrKyI11Tk-Iw4h4Ecz3iWff9mXur0SYgWopqcokaeyuOU2lKMCC92LTCeG6WsFfv8NmplCcbc6qwdqQxo5P&amp;__tn__=-]K-y-R\" target=\"_blank\" rel=\"noopener\">Parque de la Paz &#8220;Carlos &#8216;El Pescadito&#8217; Ruiz<\/a>&#8221; de la zona 21.<\/p>\n<p><a href=\"https:\/\/www.facebook.com\/hashtag\/3mila%C3%B1osriquezaculturalgt?__eep__=6&amp;__cft__[0]=AZWYq34iur0qmR-x7CrIQfFXvbdLFOcjKT02rLzGm8dSrtCDu0MXEwyHTN6OW1FJfqPNRLCwctZM5EgZrQlc90dewZVCosUTCcaSUtPuPIaW94KWpVt8KqooQ6yuqDVWuKUjosrKyI11Tk-Iw4h4Ecz3iWff9mXur0SYgWopqcokaeyuOU2lKMCC92LTCeG6WsFfv8NmplCcbc6qwdqQxo5P&amp;__tn__=*NK-y-R\" target=\"_blank\" rel=\"noopener\">#3milA\u00f1osRiquezaCulturalGT<\/a><br \/>\n<a href=\"https:\/\/www.facebook.com\/hashtag\/culturamotordesarrollogt?__eep__=6&amp;__cft__[0]=AZWYq34iur0qmR-x7CrIQfFXvbdLFOcjKT02rLzGm8dSrtCDu0MXEwyHTN6OW1FJfqPNRLCwctZM5EgZrQlc90dewZVCosUTCcaSUtPuPIaW94KWpVt8KqooQ6yuqDVWuKUjosrKyI11Tk-Iw4h4Ecz3iWff9mXur0SYgWopqcokaeyuOU2lKMCC92LTCeG6WsFfv8NmplCcbc6qwdqQxo5P&amp;__tn__=*NK-y-R\" target=\"_blank\" rel=\"noopener\">#CulturaMotorDesarrolloGT<\/a><br \/>\n<a href=\"https:\/\/www.facebook.com\/hashtag\/culturaguate?__eep__=6&amp;__cft__[0]=AZWYq34iur0qmR-x7CrIQfFXvbdLFOcjKT02rLzGm8dSrtCDu0MXEwyHTN6OW1FJfqPNRLCwctZM5EgZrQlc90dewZVCosUTCcaSUtPuPIaW94KWpVt8KqooQ6yuqDVWuKUjosrKyI11Tk-Iw4h4Ecz3iWff9mXur0SYgWopqcokaeyuOU2lKMCC92LTCeG6WsFfv8NmplCcbc6qwdqQxo5P&amp;__tn__=*NK-y-R\" target=\"_blank\" rel=\"noopener\">#CulturaGUATE<\/a><br \/>\n<a href=\"https:\/\/www.facebook.com\/hashtag\/formartegt?__eep__=6&amp;__cft__[0]=AZWYq34iur0qmR-x7CrIQfFXvbdLFOcjKT02rLzGm8dSrtCDu0MXEwyHTN6OW1FJfqPNRLCwctZM5EgZrQlc90dewZVCosUTCcaSUtPuPIaW94KWpVt8KqooQ6yuqDVWuKUjosrKyI11Tk-Iw4h4Ecz3iWff9mXur0SYgWopqcokaeyuOU2lKMCC92LTCeG6WsFfv8NmplCcbc6qwdqQxo5P&amp;__tn__=*NK-y-R\" target=\"_blank\" rel=\"noopener\">#FormarteGT<\/a><\/p>\n<div><\/div>\n","protected":false},"excerpt":{"rendered":"<p>Los estudiantes de la academia de arte con especialidad en #Dibujo, contin\u00faan aprendiendo t\u00e9cnicas creativas dentro del Parque de la Paz &#8220;Carlos &#8216;El Pescadito&#8217; Ruiz&#8221; de la zona 21. #3milA\u00f1osRiquezaCulturalGT #CulturaMotorDesarrolloGT #CulturaGUATE #FormarteGT<\/p>\n","protected":false},"author":1,"featured_media":15310,"comment_status":"closed","ping_status":"open","sticky":false,"template":"","format":"gallery","meta":[],"categories":[2],"tags":[178],"_links":{"self":[{"href":"https:\/\/gobernacionaltaverapaz.gob.gt\/index.php?rest_route=\/wp\/v2\/posts\/15309"}],"collection":[{"href":"https:\/\/gobernacionaltaverapaz.gob.gt\/index.php?rest_route=\/wp\/v2\/posts"}],"about":[{"href":"https:\/\/gobernacionaltaverapaz.gob.gt\/index.php?rest_route=\/wp\/v2\/types\/post"}],"author":[{"embeddable":true,"href":"https:\/\/gobernacionaltaverapaz.gob.gt\/index.php?rest_route=\/wp\/v2\/users\/1"}],"replies":[{"embeddable":true,"href":"https:\/\/gobernacionaltaverapaz.gob.gt\/index.php?rest_route=%2Fwp%2Fv2%2Fcomments&post=15309"}],"version-history":[{"count":3,"href":"https:\/\/gobernacionaltaverapaz.gob.gt\/index.php?rest_route=\/wp\/v2\/posts\/15309\/revisions"}],"predecessor-version":[{"id":15316,"href":"https:\/\/gobernacionaltaverapaz.gob.gt\/index.php?rest_route=\/wp\/v2\/posts\/15309\/revisions\/15316"}],"wp:featuredmedia":[{"embeddable":true,"href":"https:\/\/gobernacionaltaverapaz.gob.gt\/index.php?rest_route=\/wp\/v2\/media\/15310"}],"wp:attachment":[{"href":"https:\/\/gobernacionaltaverapaz.gob.gt\/index.php?rest_route=%2Fwp%2Fv2%2Fmedia&parent=15309"}],"wp:term":[{"taxonomy":"category","embeddable":true,"href":"https:\/\/gobernacionaltaverapaz.gob.gt\/index.php?rest_route=%2Fwp%2Fv2%2Fcategories&post=15309"},{"taxonomy":"post_tag","embeddable":true,"href":"https:\/\/gobernacionaltaverapaz.gob.gt\/index.php?rest_route=%2Fwp%2Fv2%2Ftags&post=15309"}],"curies":[{"name":"wp","href":"https:\/\/api.w.org\/{rel}","templated":true}]}}