{"id":15317,"date":"2023-06-23T09:41:19","date_gmt":"2023-06-23T15:41:19","guid":{"rendered":"https:\/\/gobernacionaltaverapaz.gob.gt\/?p=15317"},"modified":"2023-07-27T10:32:56","modified_gmt":"2023-07-27T16:32:56","slug":"jardin-infantil-del-mindef-realizo-acto-protocolario-por-su-xi-aniversario-de-fundacion","status":"publish","type":"post","link":"https:\/\/gobernacionaltaverapaz.gob.gt\/?p=15317","title":{"rendered":"MINDEF realiz\u00f3 acto protocolario por su XI aniversario de fundaci\u00f3n"},"content":{"rendered":"<p style=\"text-align: justify;\">Jard\u00edn Infantil del <a href=\"https:\/\/www.facebook.com\/hashtag\/mindef?__eep__=6&amp;__cft__[0]=AZVq5R9Yr13wmFmq3SAACiQ2ej1pR8nEKnim_c9175_8-5FSxOeDA-wejW0G89Bdvlg2qoce1qnNSbXXkBYF6GwZUYej35pPUEO_5QPWSLDkX6w7BoqjJ1QIirbVWxY32cM8KxqzjFeTLmDSe9mTMaHSE-EQCou-Kg3lOUfH5sIHovG18V4CooW1vvjnVzADw-rI5SwHwvnl135fTPj3RSVf&amp;__tn__=*NK-y-R\" target=\"_blank\" rel=\"noopener\">#MINDEF<\/a> realiz\u00f3 acto protocolario por su XI aniversario de fundaci\u00f3n.<\/p>\n<p><a href=\"https:\/\/www.facebook.com\/hashtag\/365d%C3%ADasalserviciodemipatria?__eep__=6&amp;__cft__[0]=AZVq5R9Yr13wmFmq3SAACiQ2ej1pR8nEKnim_c9175_8-5FSxOeDA-wejW0G89Bdvlg2qoce1qnNSbXXkBYF6GwZUYej35pPUEO_5QPWSLDkX6w7BoqjJ1QIirbVWxY32cM8KxqzjFeTLmDSe9mTMaHSE-EQCou-Kg3lOUfH5sIHovG18V4CooW1vvjnVzADw-rI5SwHwvnl135fTPj3RSVf&amp;__tn__=*NK-y-R\" target=\"_blank\" rel=\"noopener\">#365D\u00edasAlServicioDeMiPatria<\/a><\/p>\n<div><\/div>\n","protected":false},"excerpt":{"rendered":"<p>Jard\u00edn Infantil del #MINDEF realiz\u00f3 acto protocolario por su XI aniversario de fundaci\u00f3n. #365D\u00edasAlServicioDeMiPatria<\/p>\n","protected":false},"author":1,"featured_media":15319,"comment_status":"closed","ping_status":"open","sticky":false,"template":"","format":"gallery","meta":[],"categories":[183],"tags":[178],"_links":{"self":[{"href":"https:\/\/gobernacionaltaverapaz.gob.gt\/index.php?rest_route=\/wp\/v2\/posts\/15317"}],"collection":[{"href":"https:\/\/gobernacionaltaverapaz.gob.gt\/index.php?rest_route=\/wp\/v2\/posts"}],"about":[{"href":"https:\/\/gobernacionaltaverapaz.gob.gt\/index.php?rest_route=\/wp\/v2\/types\/post"}],"author":[{"embeddable":true,"href":"https:\/\/gobernacionaltaverapaz.gob.gt\/index.php?rest_route=\/wp\/v2\/users\/1"}],"replies":[{"embeddable":true,"href":"https:\/\/gobernacionaltaverapaz.gob.gt\/index.php?rest_route=%2Fwp%2Fv2%2Fcomments&post=15317"}],"version-history":[{"count":3,"href":"https:\/\/gobernacionaltaverapaz.gob.gt\/index.php?rest_route=\/wp\/v2\/posts\/15317\/revisions"}],"predecessor-version":[{"id":15324,"href":"https:\/\/gobernacionaltaverapaz.gob.gt\/index.php?rest_route=\/wp\/v2\/posts\/15317\/revisions\/15324"}],"wp:featuredmedia":[{"embeddable":true,"href":"https:\/\/gobernacionaltaverapaz.gob.gt\/index.php?rest_route=\/wp\/v2\/media\/15319"}],"wp:attachment":[{"href":"https:\/\/gobernacionaltaverapaz.gob.gt\/index.php?rest_route=%2Fwp%2Fv2%2Fmedia&parent=15317"}],"wp:term":[{"taxonomy":"category","embeddable":true,"href":"https:\/\/gobernacionaltaverapaz.gob.gt\/index.php?rest_route=%2Fwp%2Fv2%2Fcategories&post=15317"},{"taxonomy":"post_tag","embeddable":true,"href":"https:\/\/gobernacionaltaverapaz.gob.gt\/index.php?rest_route=%2Fwp%2Fv2%2Ftags&post=15317"}],"curies":[{"name":"wp","href":"https:\/\/api.w.org\/{rel}","templated":true}]}}