{"id":15330,"date":"2023-06-23T13:30:06","date_gmt":"2023-06-23T19:30:06","guid":{"rendered":"https:\/\/gobernacionaltaverapaz.gob.gt\/?p=15330"},"modified":"2023-07-27T11:05:50","modified_gmt":"2023-07-27T17:05:50","slug":"rendicion-de-cuentas-guatemala-2023","status":"publish","type":"post","link":"https:\/\/gobernacionaltaverapaz.gob.gt\/?p=15330","title":{"rendered":"Rendici\u00f3n de Cuentas, Guatemala 2023"},"content":{"rendered":"<p style=\"text-align: justify;\"><a href=\"https:\/\/www.facebook.com\/hashtag\/gesti%C3%B3nminfin?__eep__=6&amp;__cft__[0]=AZX25pS1hXvcOdTcjgR6irnmy6MK3VehO0x1hScD8soT7T7gk6oow7befaZStU5SpeKZwJY15aDvZD3Opabey-dEdvepElj9PiEgbqWa8HEX1q7FpNhdJi3ZYZB_ReVXug4a3nvMdjPjdr0ITdxlzhf8LXHqVVGFCuy4gh3as9NHErxJpPy8yPkgNkTUcfJX0mJ4uQ5CjPmc0UneD0LTr61R&amp;__tn__=*NK-y-R\" target=\"_blank\" rel=\"noopener\">#Gesti\u00f3nMinfin<\/a> | El Ministro de Finanzas P\u00fablicas, Edwin Mart\u00ednez Cameros, particip\u00f3 en la presentaci\u00f3n del <a href=\"https:\/\/www.facebook.com\/hashtag\/irendici%C3%B3ndecuentasgt2023?__eep__=6&amp;__cft__[0]=AZX25pS1hXvcOdTcjgR6irnmy6MK3VehO0x1hScD8soT7T7gk6oow7befaZStU5SpeKZwJY15aDvZD3Opabey-dEdvepElj9PiEgbqWa8HEX1q7FpNhdJi3ZYZB_ReVXug4a3nvMdjPjdr0ITdxlzhf8LXHqVVGFCuy4gh3as9NHErxJpPy8yPkgNkTUcfJX0mJ4uQ5CjPmc0UneD0LTr61R&amp;__tn__=*NK-y-R\" target=\"_blank\" rel=\"noopener\">#IRendici\u00f3nDeCuentasGT2023<\/a>, en el cual se detall\u00f3 la ejecuci\u00f3n presupuestaria de las diferentes instituciones del Organismo Ejecutivo.<\/p>\n<div><\/div>\n","protected":false},"excerpt":{"rendered":"<p>#Gesti\u00f3nMinfin | El Ministro de Finanzas P\u00fablicas, Edwin Mart\u00ednez Cameros, particip\u00f3 en la presentaci\u00f3n del #IRendici\u00f3nDeCuentasGT2023, en el cual se detall\u00f3 la ejecuci\u00f3n presupuestaria de las diferentes instituciones del Organismo Ejecutivo.<\/p>\n","protected":false},"author":1,"featured_media":15334,"comment_status":"closed","ping_status":"open","sticky":false,"template":"","format":"gallery","meta":[],"categories":[205],"tags":[178],"_links":{"self":[{"href":"https:\/\/gobernacionaltaverapaz.gob.gt\/index.php?rest_route=\/wp\/v2\/posts\/15330"}],"collection":[{"href":"https:\/\/gobernacionaltaverapaz.gob.gt\/index.php?rest_route=\/wp\/v2\/posts"}],"about":[{"href":"https:\/\/gobernacionaltaverapaz.gob.gt\/index.php?rest_route=\/wp\/v2\/types\/post"}],"author":[{"embeddable":true,"href":"https:\/\/gobernacionaltaverapaz.gob.gt\/index.php?rest_route=\/wp\/v2\/users\/1"}],"replies":[{"embeddable":true,"href":"https:\/\/gobernacionaltaverapaz.gob.gt\/index.php?rest_route=%2Fwp%2Fv2%2Fcomments&post=15330"}],"version-history":[{"count":2,"href":"https:\/\/gobernacionaltaverapaz.gob.gt\/index.php?rest_route=\/wp\/v2\/posts\/15330\/revisions"}],"predecessor-version":[{"id":15336,"href":"https:\/\/gobernacionaltaverapaz.gob.gt\/index.php?rest_route=\/wp\/v2\/posts\/15330\/revisions\/15336"}],"wp:featuredmedia":[{"embeddable":true,"href":"https:\/\/gobernacionaltaverapaz.gob.gt\/index.php?rest_route=\/wp\/v2\/media\/15334"}],"wp:attachment":[{"href":"https:\/\/gobernacionaltaverapaz.gob.gt\/index.php?rest_route=%2Fwp%2Fv2%2Fmedia&parent=15330"}],"wp:term":[{"taxonomy":"category","embeddable":true,"href":"https:\/\/gobernacionaltaverapaz.gob.gt\/index.php?rest_route=%2Fwp%2Fv2%2Fcategories&post=15330"},{"taxonomy":"post_tag","embeddable":true,"href":"https:\/\/gobernacionaltaverapaz.gob.gt\/index.php?rest_route=%2Fwp%2Fv2%2Ftags&post=15330"}],"curies":[{"name":"wp","href":"https:\/\/api.w.org\/{rel}","templated":true}]}}