{"id":15345,"date":"2023-06-23T19:00:56","date_gmt":"2023-06-24T01:00:56","guid":{"rendered":"https:\/\/gobernacionaltaverapaz.gob.gt\/?p=15345"},"modified":"2023-07-27T12:22:36","modified_gmt":"2023-07-27T18:22:36","slug":"inauguracion-de-infraestructura-de-ascenso-y-descenso-hacia-el-mirador-principal-en-su-primera-fase-del-monumento-natural-semuc-champey","status":"publish","type":"post","link":"https:\/\/gobernacionaltaverapaz.gob.gt\/?p=15345","title":{"rendered":"Inauguraci\u00f3n de infraestructura de ascenso y descenso hacia el mirador principal en su primera fase, del Monumento Natural Semuc Champey"},"content":{"rendered":"<p style=\"text-align: justify;\"><a href=\"https:\/\/www.facebook.com\/hashtag\/altaverapaz?__eep__=6&amp;__cft__[0]=AZVM_YgV-7cQysCKsu4KVbXg8csWmqk7TXWfEhy_PXfuxmozSZ26KTMmb9PwyX_7OPa0WoLfl7Tpd9b3p5j39Wvwy4xhNVuuytn0MDAhCzfKxoArEFN-eg7IL3mccrqjgbyPirRirboChgcz8_bEIlck_bUUPN-wM4Pw8BGbw-H6GHpo7eZR0DHRVxQ902uOTPU&amp;__tn__=*NK-R\" target=\"_blank\" rel=\"noopener\">#AltaVerapaz<\/a><\/p>\n<p style=\"text-align: justify;\">Personal de la Direcci\u00f3n Regional <a href=\"https:\/\/www.facebook.com\/hashtag\/verapaces?__eep__=6&amp;__cft__[0]=AZVM_YgV-7cQysCKsu4KVbXg8csWmqk7TXWfEhy_PXfuxmozSZ26KTMmb9PwyX_7OPa0WoLfl7Tpd9b3p5j39Wvwy4xhNVuuytn0MDAhCzfKxoArEFN-eg7IL3mccrqjgbyPirRirboChgcz8_bEIlck_bUUPN-wM4Pw8BGbw-H6GHpo7eZR0DHRVxQ902uOTPU&amp;__tn__=*NK-R\" target=\"_blank\" rel=\"noopener\">#Verapaces<\/a> del <strong>CONAP<\/strong>, Municipalidad de Lanqu\u00edn, Reserva Natural Privada Orquigonia, Cooperativa Coopsama y su fundaci\u00f3n manos a la obra y el Comit\u00e9 de Autogesti\u00f3n Tur\u00edstica de Lanqu\u00edn. Participaron en la inauguraci\u00f3n de infraestructura que se instal\u00f3 en el sendero de ascenso y descenso hacia el mirador principal en su primera fase, del Monumento Natural Semuc Champey.<\/p>\n<p><a href=\"https:\/\/www.facebook.com\/hashtag\/turismo?__eep__=6&amp;__cft__[0]=AZVM_YgV-7cQysCKsu4KVbXg8csWmqk7TXWfEhy_PXfuxmozSZ26KTMmb9PwyX_7OPa0WoLfl7Tpd9b3p5j39Wvwy4xhNVuuytn0MDAhCzfKxoArEFN-eg7IL3mccrqjgbyPirRirboChgcz8_bEIlck_bUUPN-wM4Pw8BGbw-H6GHpo7eZR0DHRVxQ902uOTPU&amp;__tn__=*NK-R\" target=\"_blank\" rel=\"noopener\">#turismo<\/a><br \/>\n<a href=\"https:\/\/www.facebook.com\/hashtag\/turismolocal?__eep__=6&amp;__cft__[0]=AZVM_YgV-7cQysCKsu4KVbXg8csWmqk7TXWfEhy_PXfuxmozSZ26KTMmb9PwyX_7OPa0WoLfl7Tpd9b3p5j39Wvwy4xhNVuuytn0MDAhCzfKxoArEFN-eg7IL3mccrqjgbyPirRirboChgcz8_bEIlck_bUUPN-wM4Pw8BGbw-H6GHpo7eZR0DHRVxQ902uOTPU&amp;__tn__=*NK-R\" target=\"_blank\" rel=\"noopener\">#turismolocal<\/a><br \/>\n<a href=\"https:\/\/www.facebook.com\/hashtag\/turismoresponsable?__eep__=6&amp;__cft__[0]=AZVM_YgV-7cQysCKsu4KVbXg8csWmqk7TXWfEhy_PXfuxmozSZ26KTMmb9PwyX_7OPa0WoLfl7Tpd9b3p5j39Wvwy4xhNVuuytn0MDAhCzfKxoArEFN-eg7IL3mccrqjgbyPirRirboChgcz8_bEIlck_bUUPN-wM4Pw8BGbw-H6GHpo7eZR0DHRVxQ902uOTPU&amp;__tn__=*NK-R\" target=\"_blank\" rel=\"noopener\">#TurismoResponsable<\/a><br \/>\n<a href=\"https:\/\/www.facebook.com\/hashtag\/guatemala?__eep__=6&amp;__cft__[0]=AZVM_YgV-7cQysCKsu4KVbXg8csWmqk7TXWfEhy_PXfuxmozSZ26KTMmb9PwyX_7OPa0WoLfl7Tpd9b3p5j39Wvwy4xhNVuuytn0MDAhCzfKxoArEFN-eg7IL3mccrqjgbyPirRirboChgcz8_bEIlck_bUUPN-wM4Pw8BGbw-H6GHpo7eZR0DHRVxQ902uOTPU&amp;__tn__=*NK-R\" target=\"_blank\" rel=\"noopener\">#Guatemala<\/a><br \/>\n<a href=\"https:\/\/www.facebook.com\/hashtag\/semucchampey?__eep__=6&amp;__cft__[0]=AZVM_YgV-7cQysCKsu4KVbXg8csWmqk7TXWfEhy_PXfuxmozSZ26KTMmb9PwyX_7OPa0WoLfl7Tpd9b3p5j39Wvwy4xhNVuuytn0MDAhCzfKxoArEFN-eg7IL3mccrqjgbyPirRirboChgcz8_bEIlck_bUUPN-wM4Pw8BGbw-H6GHpo7eZR0DHRVxQ902uOTPU&amp;__tn__=*NK-R\" target=\"_blank\" rel=\"noopener\">#semucchampey<\/a><br \/>\n<a href=\"https:\/\/www.facebook.com\/hashtag\/%C3%A1reasprotegidas?__eep__=6&amp;__cft__[0]=AZVM_YgV-7cQysCKsu4KVbXg8csWmqk7TXWfEhy_PXfuxmozSZ26KTMmb9PwyX_7OPa0WoLfl7Tpd9b3p5j39Wvwy4xhNVuuytn0MDAhCzfKxoArEFN-eg7IL3mccrqjgbyPirRirboChgcz8_bEIlck_bUUPN-wM4Pw8BGbw-H6GHpo7eZR0DHRVxQ902uOTPU&amp;__tn__=*NK-R\" target=\"_blank\" rel=\"noopener\">#\u00c1reasProtegidas<\/a><\/p>\n<div><\/div>\n","protected":false},"excerpt":{"rendered":"<p>#AltaVerapaz Personal de la Direcci\u00f3n Regional #Verapaces del CONAP, Municipalidad de Lanqu\u00edn, Reserva Natural Privada Orquigonia, Cooperativa Coopsama y su fundaci\u00f3n manos a la obra y el Comit\u00e9 de Autogesti\u00f3n Tur\u00edstica de Lanqu\u00edn. Participaron en la inauguraci\u00f3n de infraestructura que se instal\u00f3 en el sendero de ascenso y descenso hacia el mirador principal en su [&hellip;]<\/p>\n","protected":false},"author":1,"featured_media":15348,"comment_status":"closed","ping_status":"open","sticky":false,"template":"","format":"gallery","meta":[],"categories":[195],"tags":[178],"_links":{"self":[{"href":"https:\/\/gobernacionaltaverapaz.gob.gt\/index.php?rest_route=\/wp\/v2\/posts\/15345"}],"collection":[{"href":"https:\/\/gobernacionaltaverapaz.gob.gt\/index.php?rest_route=\/wp\/v2\/posts"}],"about":[{"href":"https:\/\/gobernacionaltaverapaz.gob.gt\/index.php?rest_route=\/wp\/v2\/types\/post"}],"author":[{"embeddable":true,"href":"https:\/\/gobernacionaltaverapaz.gob.gt\/index.php?rest_route=\/wp\/v2\/users\/1"}],"replies":[{"embeddable":true,"href":"https:\/\/gobernacionaltaverapaz.gob.gt\/index.php?rest_route=%2Fwp%2Fv2%2Fcomments&post=15345"}],"version-history":[{"count":2,"href":"https:\/\/gobernacionaltaverapaz.gob.gt\/index.php?rest_route=\/wp\/v2\/posts\/15345\/revisions"}],"predecessor-version":[{"id":15351,"href":"https:\/\/gobernacionaltaverapaz.gob.gt\/index.php?rest_route=\/wp\/v2\/posts\/15345\/revisions\/15351"}],"wp:featuredmedia":[{"embeddable":true,"href":"https:\/\/gobernacionaltaverapaz.gob.gt\/index.php?rest_route=\/wp\/v2\/media\/15348"}],"wp:attachment":[{"href":"https:\/\/gobernacionaltaverapaz.gob.gt\/index.php?rest_route=%2Fwp%2Fv2%2Fmedia&parent=15345"}],"wp:term":[{"taxonomy":"category","embeddable":true,"href":"https:\/\/gobernacionaltaverapaz.gob.gt\/index.php?rest_route=%2Fwp%2Fv2%2Fcategories&post=15345"},{"taxonomy":"post_tag","embeddable":true,"href":"https:\/\/gobernacionaltaverapaz.gob.gt\/index.php?rest_route=%2Fwp%2Fv2%2Ftags&post=15345"}],"curies":[{"name":"wp","href":"https:\/\/api.w.org\/{rel}","templated":true}]}}