{"id":15367,"date":"2023-06-27T16:17:43","date_gmt":"2023-06-27T22:17:43","guid":{"rendered":"https:\/\/gobernacionaltaverapaz.gob.gt\/?p=15367"},"modified":"2023-07-27T14:33:53","modified_gmt":"2023-07-27T20:33:53","slug":"entrega-del-programa-de-alimentacion-escolar","status":"publish","type":"post","link":"https:\/\/gobernacionaltaverapaz.gob.gt\/?p=15367","title":{"rendered":"Programa de Alimentaci\u00f3n Escolar"},"content":{"rendered":"<p style=\"text-align: justify;\">El gobierno del presidente <a href=\"https:\/\/www.facebook.com\/AlejandroGiammattei?__cft__[0]=AZWw_e9C8fU4xcU-_zOEVXNspPnOTMEIEcheI3l18U7wJXCMNUSSC9lhheroumYKnVI3hnPoWY8aWP9y0KmU44jHqTdNHWXPRS43nvzOQ3A-xhKUNpAUVvNKOt5IHkkIxDdU63sO8Teq6IBKZknuGFMbje_J8FJkKZyvqpWJPYRu47ARbuREUA2Dd3wSKDrzoYQ&amp;__tn__=-]K-y-R\" target=\"_blank\" rel=\"noopener\">Alejandro Giammattei<\/a> y el <a href=\"https:\/\/www.facebook.com\/MineducGuate?__cft__[0]=AZWw_e9C8fU4xcU-_zOEVXNspPnOTMEIEcheI3l18U7wJXCMNUSSC9lhheroumYKnVI3hnPoWY8aWP9y0KmU44jHqTdNHWXPRS43nvzOQ3A-xhKUNpAUVvNKOt5IHkkIxDdU63sO8Teq6IBKZknuGFMbje_J8FJkKZyvqpWJPYRu47ARbuREUA2Dd3wSKDrzoYQ&amp;__tn__=-]K-y-R\" target=\"_blank\" rel=\"noopener\">Ministerio de Educaci\u00f3n de Guatemala (P\u00e1gina Oficial)<\/a> contin\u00faan comprometidos con el desarrollo integral de los estudiantes guatemaltecos a trav\u00e9s de la entrega del Programa de <a href=\"https:\/\/www.facebook.com\/hashtag\/alimentaci%C3%B3nescolar?__eep__=6&amp;__cft__[0]=AZWw_e9C8fU4xcU-_zOEVXNspPnOTMEIEcheI3l18U7wJXCMNUSSC9lhheroumYKnVI3hnPoWY8aWP9y0KmU44jHqTdNHWXPRS43nvzOQ3A-xhKUNpAUVvNKOt5IHkkIxDdU63sO8Teq6IBKZknuGFMbje_J8FJkKZyvqpWJPYRu47ARbuREUA2Dd3wSKDrzoYQ&amp;__tn__=*NK-y-R\" target=\"_blank\" rel=\"noopener\">#Alimentaci\u00f3nEscolar<\/a>.<\/p>\n<p><a href=\"https:\/\/www.facebook.com\/hashtag\/protagonistasdenuestrotiempo?__eep__=6&amp;__cft__[0]=AZWw_e9C8fU4xcU-_zOEVXNspPnOTMEIEcheI3l18U7wJXCMNUSSC9lhheroumYKnVI3hnPoWY8aWP9y0KmU44jHqTdNHWXPRS43nvzOQ3A-xhKUNpAUVvNKOt5IHkkIxDdU63sO8Teq6IBKZknuGFMbje_J8FJkKZyvqpWJPYRu47ARbuREUA2Dd3wSKDrzoYQ&amp;__tn__=*NK-y-R\" target=\"_blank\" rel=\"noopener\">#ProtagonistasDeNuestroTiempo<\/a><\/p>\n<p><a href=\"https:\/\/www.facebook.com\/guatemalagob\/videos\/1316405965924492\"><img decoding=\"async\" loading=\"lazy\" class=\"alignnone wp-image-15369 size-full\" title=\"Ver video\" src=\"https:\/\/gobernacionaltaverapaz.gob.gt\/wp-content\/uploads\/2023\/07\/002-14.jpg\" alt=\"\" width=\"900\" height=\"600\" srcset=\"https:\/\/gobernacionaltaverapaz.gob.gt\/wp-content\/uploads\/2023\/07\/002-14.jpg 900w, https:\/\/gobernacionaltaverapaz.gob.gt\/wp-content\/uploads\/2023\/07\/002-14-300x200.jpg 300w, https:\/\/gobernacionaltaverapaz.gob.gt\/wp-content\/uploads\/2023\/07\/002-14-768x512.jpg 768w\" sizes=\"(max-width: 900px) 100vw, 900px\" \/><\/a><\/p>\n","protected":false},"excerpt":{"rendered":"<p>El gobierno del presidente Alejandro Giammattei y el Ministerio de Educaci\u00f3n de Guatemala (P\u00e1gina Oficial) contin\u00faan comprometidos con el desarrollo integral de los estudiantes guatemaltecos a trav\u00e9s de la entrega del Programa de #Alimentaci\u00f3nEscolar. #ProtagonistasDeNuestroTiempo<\/p>\n","protected":false},"author":1,"featured_media":15368,"comment_status":"closed","ping_status":"open","sticky":false,"template":"","format":"video","meta":[],"categories":[202],"tags":[178],"_links":{"self":[{"href":"https:\/\/gobernacionaltaverapaz.gob.gt\/index.php?rest_route=\/wp\/v2\/posts\/15367"}],"collection":[{"href":"https:\/\/gobernacionaltaverapaz.gob.gt\/index.php?rest_route=\/wp\/v2\/posts"}],"about":[{"href":"https:\/\/gobernacionaltaverapaz.gob.gt\/index.php?rest_route=\/wp\/v2\/types\/post"}],"author":[{"embeddable":true,"href":"https:\/\/gobernacionaltaverapaz.gob.gt\/index.php?rest_route=\/wp\/v2\/users\/1"}],"replies":[{"embeddable":true,"href":"https:\/\/gobernacionaltaverapaz.gob.gt\/index.php?rest_route=%2Fwp%2Fv2%2Fcomments&post=15367"}],"version-history":[{"count":2,"href":"https:\/\/gobernacionaltaverapaz.gob.gt\/index.php?rest_route=\/wp\/v2\/posts\/15367\/revisions"}],"predecessor-version":[{"id":15371,"href":"https:\/\/gobernacionaltaverapaz.gob.gt\/index.php?rest_route=\/wp\/v2\/posts\/15367\/revisions\/15371"}],"wp:featuredmedia":[{"embeddable":true,"href":"https:\/\/gobernacionaltaverapaz.gob.gt\/index.php?rest_route=\/wp\/v2\/media\/15368"}],"wp:attachment":[{"href":"https:\/\/gobernacionaltaverapaz.gob.gt\/index.php?rest_route=%2Fwp%2Fv2%2Fmedia&parent=15367"}],"wp:term":[{"taxonomy":"category","embeddable":true,"href":"https:\/\/gobernacionaltaverapaz.gob.gt\/index.php?rest_route=%2Fwp%2Fv2%2Fcategories&post=15367"},{"taxonomy":"post_tag","embeddable":true,"href":"https:\/\/gobernacionaltaverapaz.gob.gt\/index.php?rest_route=%2Fwp%2Fv2%2Ftags&post=15367"}],"curies":[{"name":"wp","href":"https:\/\/api.w.org\/{rel}","templated":true}]}}