{"id":15389,"date":"2023-06-28T11:24:34","date_gmt":"2023-06-28T17:24:34","guid":{"rendered":"https:\/\/gobernacionaltaverapaz.gob.gt\/?p=15389"},"modified":"2023-07-27T15:43:40","modified_gmt":"2023-07-27T21:43:40","slug":"brigada-de-infanteria-de-marina-efectuo-patrullaje-lacustre-en-lago-de-izabal","status":"publish","type":"post","link":"https:\/\/gobernacionaltaverapaz.gob.gt\/?p=15389","title":{"rendered":"Brigada de Infanter\u00eda de Marina efectu\u00f3 patrullaje lacustre en Lago de Izabal"},"content":{"rendered":"<p style=\"text-align: justify;\"><a href=\"https:\/\/www.facebook.com\/hashtag\/ej%C3%A9rcitogt?__eep__=6&amp;__cft__[0]=AZVeAlcuw4OrAH1ZcCia1VjvXR_F2uF35r-Hz2Suukzr0GHkzpl98R6wBv9n9EEH2s3ihE47bwQYSM_PrrTEz68TqE4KSz3cg8uLBRpQ9hzcngKSMV5OO7qLiKvtS8pHVM--2ipN3bTc-Wk0lwR8EfBQfiOcVlkyStfbbge3t4eyhFyw1-TGPXFh4hJt8LMaU5UaVI_ioaqn1HKEO-X_dGfq&amp;__tn__=*NK-y-R\" target=\"_blank\" rel=\"noopener\">#Ej\u00e9rcitoGT<\/a> a trav\u00e9s de la Brigada de Infanter\u00eda de Marina efectu\u00f3 patrullaje lacustre en Lago de <a href=\"https:\/\/www.facebook.com\/hashtag\/izabal?__eep__=6&amp;__cft__[0]=AZVeAlcuw4OrAH1ZcCia1VjvXR_F2uF35r-Hz2Suukzr0GHkzpl98R6wBv9n9EEH2s3ihE47bwQYSM_PrrTEz68TqE4KSz3cg8uLBRpQ9hzcngKSMV5OO7qLiKvtS8pHVM--2ipN3bTc-Wk0lwR8EfBQfiOcVlkyStfbbge3t4eyhFyw1-TGPXFh4hJt8LMaU5UaVI_ioaqn1HKEO-X_dGfq&amp;__tn__=*NK-y-R\" target=\"_blank\" rel=\"noopener\">#Izabal<\/a>, con el objeto de resguardar los recursos naturales y garantizar seguridad a los guatemaltecos.<\/p>\n<p><a href=\"https:\/\/www.facebook.com\/hashtag\/365d%C3%ADasalserviciodemipatria?__eep__=6&amp;__cft__[0]=AZVeAlcuw4OrAH1ZcCia1VjvXR_F2uF35r-Hz2Suukzr0GHkzpl98R6wBv9n9EEH2s3ihE47bwQYSM_PrrTEz68TqE4KSz3cg8uLBRpQ9hzcngKSMV5OO7qLiKvtS8pHVM--2ipN3bTc-Wk0lwR8EfBQfiOcVlkyStfbbge3t4eyhFyw1-TGPXFh4hJt8LMaU5UaVI_ioaqn1HKEO-X_dGfq&amp;__tn__=*NK-y-R\" target=\"_blank\" rel=\"noopener\">#365D\u00edasAlServicioDeMiPatria<\/a><\/p>\n<p><img decoding=\"async\" loading=\"lazy\" class=\"alignnone size-full wp-image-15391\" src=\"https:\/\/gobernacionaltaverapaz.gob.gt\/wp-content\/uploads\/2023\/07\/002-17.jpg\" alt=\"\" width=\"900\" height=\"713\" srcset=\"https:\/\/gobernacionaltaverapaz.gob.gt\/wp-content\/uploads\/2023\/07\/002-17.jpg 900w, https:\/\/gobernacionaltaverapaz.gob.gt\/wp-content\/uploads\/2023\/07\/002-17-300x238.jpg 300w, https:\/\/gobernacionaltaverapaz.gob.gt\/wp-content\/uploads\/2023\/07\/002-17-768x608.jpg 768w\" sizes=\"(max-width: 900px) 100vw, 900px\" \/><\/p>\n","protected":false},"excerpt":{"rendered":"<p>#Ej\u00e9rcitoGT a trav\u00e9s de la Brigada de Infanter\u00eda de Marina efectu\u00f3 patrullaje lacustre en Lago de #Izabal, con el objeto de resguardar los recursos naturales y garantizar seguridad a los guatemaltecos. #365D\u00edasAlServicioDeMiPatria<\/p>\n","protected":false},"author":1,"featured_media":15390,"comment_status":"closed","ping_status":"open","sticky":false,"template":"","format":"standard","meta":[],"categories":[197],"tags":[178],"_links":{"self":[{"href":"https:\/\/gobernacionaltaverapaz.gob.gt\/index.php?rest_route=\/wp\/v2\/posts\/15389"}],"collection":[{"href":"https:\/\/gobernacionaltaverapaz.gob.gt\/index.php?rest_route=\/wp\/v2\/posts"}],"about":[{"href":"https:\/\/gobernacionaltaverapaz.gob.gt\/index.php?rest_route=\/wp\/v2\/types\/post"}],"author":[{"embeddable":true,"href":"https:\/\/gobernacionaltaverapaz.gob.gt\/index.php?rest_route=\/wp\/v2\/users\/1"}],"replies":[{"embeddable":true,"href":"https:\/\/gobernacionaltaverapaz.gob.gt\/index.php?rest_route=%2Fwp%2Fv2%2Fcomments&post=15389"}],"version-history":[{"count":1,"href":"https:\/\/gobernacionaltaverapaz.gob.gt\/index.php?rest_route=\/wp\/v2\/posts\/15389\/revisions"}],"predecessor-version":[{"id":15392,"href":"https:\/\/gobernacionaltaverapaz.gob.gt\/index.php?rest_route=\/wp\/v2\/posts\/15389\/revisions\/15392"}],"wp:featuredmedia":[{"embeddable":true,"href":"https:\/\/gobernacionaltaverapaz.gob.gt\/index.php?rest_route=\/wp\/v2\/media\/15390"}],"wp:attachment":[{"href":"https:\/\/gobernacionaltaverapaz.gob.gt\/index.php?rest_route=%2Fwp%2Fv2%2Fmedia&parent=15389"}],"wp:term":[{"taxonomy":"category","embeddable":true,"href":"https:\/\/gobernacionaltaverapaz.gob.gt\/index.php?rest_route=%2Fwp%2Fv2%2Fcategories&post=15389"},{"taxonomy":"post_tag","embeddable":true,"href":"https:\/\/gobernacionaltaverapaz.gob.gt\/index.php?rest_route=%2Fwp%2Fv2%2Ftags&post=15389"}],"curies":[{"name":"wp","href":"https:\/\/api.w.org\/{rel}","templated":true}]}}