{"id":15405,"date":"2023-06-28T21:40:02","date_gmt":"2023-06-29T03:40:02","guid":{"rendered":"https:\/\/gobernacionaltaverapaz.gob.gt\/?p=15405"},"modified":"2023-07-27T17:01:21","modified_gmt":"2023-07-27T23:01:21","slug":"reporte-nacional-4","status":"publish","type":"post","link":"https:\/\/gobernacionaltaverapaz.gob.gt\/?p=15405","title":{"rendered":"Reporte Nacional"},"content":{"rendered":"<p style=\"text-align: justify;\"><a href=\"https:\/\/www.facebook.com\/hashtag\/reportenacional?__eep__=6&amp;__cft__[0]=AZWQH074KYuzzP0p-YFoqaHpMN0_eIfftSaa6tsBSlyLD-s2Soq-e7wsou4IuUcB9BmTd-gmwoH_x6ipZuioLFqfLw35iOVA8I8EOC3J-aOJxN04TOwNBQKRi4rYS-MIgD3tc5i9h-pHwgoPjjOzsHHo-_Y-mbcUfFfqOgaABBDTLAUvVEwkTrdmwMmBgs4hEtyOHFyP4P1MRaopwcqCb3UX&amp;__tn__=*NK-y-R\" target=\"_blank\" rel=\"noopener\">#ReporteNacional<\/a><\/p>\n<ul>\n<li style=\"text-align: justify;\">Guatemaltecos expondr\u00e1n productos en Segunda Feria Chapina en Panam\u00e1<\/li>\n<li style=\"text-align: justify;\">Jefes de Estado y de Gobierno de <a href=\"https:\/\/www.facebook.com\/sgsica?__cft__[0]=AZWQH074KYuzzP0p-YFoqaHpMN0_eIfftSaa6tsBSlyLD-s2Soq-e7wsou4IuUcB9BmTd-gmwoH_x6ipZuioLFqfLw35iOVA8I8EOC3J-aOJxN04TOwNBQKRi4rYS-MIgD3tc5i9h-pHwgoPjjOzsHHo-_Y-mbcUfFfqOgaABBDTLAUvVEwkTrdmwMmBgs4hEtyOHFyP4P1MRaopwcqCb3UX&amp;__tn__=-]K-y-R\" target=\"_blank\" rel=\"noopener\">Secretar\u00eda General del SICA<\/a> asumen compromisos regionales<\/li>\n<li style=\"text-align: justify;\">M\u00e1s beneficiadas con <a href=\"https:\/\/www.facebook.com\/hashtag\/programatrabajotemporal?__eep__=6&amp;__cft__[0]=AZWQH074KYuzzP0p-YFoqaHpMN0_eIfftSaa6tsBSlyLD-s2Soq-e7wsou4IuUcB9BmTd-gmwoH_x6ipZuioLFqfLw35iOVA8I8EOC3J-aOJxN04TOwNBQKRi4rYS-MIgD3tc5i9h-pHwgoPjjOzsHHo-_Y-mbcUfFfqOgaABBDTLAUvVEwkTrdmwMmBgs4hEtyOHFyP4P1MRaopwcqCb3UX&amp;__tn__=*NK-y-R\" target=\"_blank\" rel=\"noopener\">#ProgramaTrabajoTemporal<\/a><\/li>\n<li style=\"text-align: justify;\">#ParqueDeLaPaz alcanza 200 mil visitantes<\/li>\n<\/ul>\n<p><a href=\"https:\/\/www.facebook.com\/guatemalagob\/videos\/1326205011298905\/\" target=\"_blank\" rel=\"noopener\"><img decoding=\"async\" loading=\"lazy\" class=\"alignnone wp-image-15407 size-full\" title=\"Ver video\" src=\"https:\/\/gobernacionaltaverapaz.gob.gt\/wp-content\/uploads\/2023\/07\/002-19.jpg\" alt=\"\" width=\"900\" height=\"600\" srcset=\"https:\/\/gobernacionaltaverapaz.gob.gt\/wp-content\/uploads\/2023\/07\/002-19.jpg 900w, https:\/\/gobernacionaltaverapaz.gob.gt\/wp-content\/uploads\/2023\/07\/002-19-300x200.jpg 300w, https:\/\/gobernacionaltaverapaz.gob.gt\/wp-content\/uploads\/2023\/07\/002-19-768x512.jpg 768w\" sizes=\"(max-width: 900px) 100vw, 900px\" \/><\/a><\/p>\n","protected":false},"excerpt":{"rendered":"<p>#ReporteNacional Guatemaltecos expondr\u00e1n productos en Segunda Feria Chapina en Panam\u00e1 Jefes de Estado y de Gobierno de Secretar\u00eda General del SICA asumen compromisos regionales M\u00e1s beneficiadas con #ProgramaTrabajoTemporal #ParqueDeLaPaz alcanza 200 mil visitantes<\/p>\n","protected":false},"author":1,"featured_media":15406,"comment_status":"closed","ping_status":"open","sticky":false,"template":"","format":"video","meta":[],"categories":[7,205],"tags":[178],"_links":{"self":[{"href":"https:\/\/gobernacionaltaverapaz.gob.gt\/index.php?rest_route=\/wp\/v2\/posts\/15405"}],"collection":[{"href":"https:\/\/gobernacionaltaverapaz.gob.gt\/index.php?rest_route=\/wp\/v2\/posts"}],"about":[{"href":"https:\/\/gobernacionaltaverapaz.gob.gt\/index.php?rest_route=\/wp\/v2\/types\/post"}],"author":[{"embeddable":true,"href":"https:\/\/gobernacionaltaverapaz.gob.gt\/index.php?rest_route=\/wp\/v2\/users\/1"}],"replies":[{"embeddable":true,"href":"https:\/\/gobernacionaltaverapaz.gob.gt\/index.php?rest_route=%2Fwp%2Fv2%2Fcomments&post=15405"}],"version-history":[{"count":1,"href":"https:\/\/gobernacionaltaverapaz.gob.gt\/index.php?rest_route=\/wp\/v2\/posts\/15405\/revisions"}],"predecessor-version":[{"id":15408,"href":"https:\/\/gobernacionaltaverapaz.gob.gt\/index.php?rest_route=\/wp\/v2\/posts\/15405\/revisions\/15408"}],"wp:featuredmedia":[{"embeddable":true,"href":"https:\/\/gobernacionaltaverapaz.gob.gt\/index.php?rest_route=\/wp\/v2\/media\/15406"}],"wp:attachment":[{"href":"https:\/\/gobernacionaltaverapaz.gob.gt\/index.php?rest_route=%2Fwp%2Fv2%2Fmedia&parent=15405"}],"wp:term":[{"taxonomy":"category","embeddable":true,"href":"https:\/\/gobernacionaltaverapaz.gob.gt\/index.php?rest_route=%2Fwp%2Fv2%2Fcategories&post=15405"},{"taxonomy":"post_tag","embeddable":true,"href":"https:\/\/gobernacionaltaverapaz.gob.gt\/index.php?rest_route=%2Fwp%2Fv2%2Ftags&post=15405"}],"curies":[{"name":"wp","href":"https:\/\/api.w.org\/{rel}","templated":true}]}}