{"id":15438,"date":"2023-06-30T14:42:45","date_gmt":"2023-06-30T20:42:45","guid":{"rendered":"https:\/\/gobernacionaltaverapaz.gob.gt\/?p=15438"},"modified":"2023-07-28T10:53:49","modified_gmt":"2023-07-28T16:53:49","slug":"presidente-alejandro-giammattei-y-el-ministro-del-ejercito-gt-oficial-general-de-division-henry-reyes-participaron-en-el-desfile-militar","status":"publish","type":"post","link":"https:\/\/gobernacionaltaverapaz.gob.gt\/?p=15438","title":{"rendered":"Presidente Alejandro Giammattei y el ministro del Ej\u00e9rcito GT Oficial, General de Divisi\u00f3n Henry Reyes, participaron en el Desfile Militar"},"content":{"rendered":"<p style=\"text-align: justify;\">El presidente <a href=\"https:\/\/www.facebook.com\/AlejandroGiammattei?__cft__[0]=AZVXibB-KuUI7AqIvB1ggmq5SGbDQc4o2WXpJ9TcEggD7DTJxPUxkbcbQOhDNriPtjmVLssG7oS4xPVpO_qIXIU08LjJXJ0LrVsG1QFhihFRyxSWVTOG8NDdcSoSyvbjcpEYSCNVJUpgrLZw5D3U_pBPIFRR71Y097u4QInv6TY284vy93NSKd7BcyLwm7I1TkeASPZNFp4yoCM1uxYc9WGT&amp;__tn__=-]K-y-R\" target=\"_blank\" rel=\"noopener\">Alejandro Giammattei<\/a> y el ministro del <a href=\"https:\/\/www.facebook.com\/EjercitoGT?__cft__[0]=AZVXibB-KuUI7AqIvB1ggmq5SGbDQc4o2WXpJ9TcEggD7DTJxPUxkbcbQOhDNriPtjmVLssG7oS4xPVpO_qIXIU08LjJXJ0LrVsG1QFhihFRyxSWVTOG8NDdcSoSyvbjcpEYSCNVJUpgrLZw5D3U_pBPIFRR71Y097u4QInv6TY284vy93NSKd7BcyLwm7I1TkeASPZNFp4yoCM1uxYc9WGT&amp;__tn__=-]K-y-R\" target=\"_blank\" rel=\"noopener\">Ej\u00e9rcito GT Oficial<\/a>, General de Divisi\u00f3n Henry Reyes, participaron en el Desfile Militar en conmemoraci\u00f3n del <a href=\"https:\/\/www.facebook.com\/hashtag\/d%C3%ADadelej%C3%A9rcitogt?__eep__=6&amp;__cft__[0]=AZVXibB-KuUI7AqIvB1ggmq5SGbDQc4o2WXpJ9TcEggD7DTJxPUxkbcbQOhDNriPtjmVLssG7oS4xPVpO_qIXIU08LjJXJ0LrVsG1QFhihFRyxSWVTOG8NDdcSoSyvbjcpEYSCNVJUpgrLZw5D3U_pBPIFRR71Y097u4QInv6TY284vy93NSKd7BcyLwm7I1TkeASPZNFp4yoCM1uxYc9WGT&amp;__tn__=*NK-y-R\" target=\"_blank\" rel=\"noopener\">#D\u00edaDelEj\u00e9rcitoGT<\/a> y\u00a0 el 152 Aniversario de la Gesta Revolucionaria de 1871.<\/p>\n<div><\/div>\n","protected":false},"excerpt":{"rendered":"<p>El presidente Alejandro Giammattei y el ministro del Ej\u00e9rcito GT Oficial, General de Divisi\u00f3n Henry Reyes, participaron en el Desfile Militar en conmemoraci\u00f3n del #D\u00edaDelEj\u00e9rcitoGT y\u00a0 el 152 Aniversario de la Gesta Revolucionaria de 1871.<\/p>\n","protected":false},"author":1,"featured_media":15440,"comment_status":"closed","ping_status":"open","sticky":false,"template":"","format":"gallery","meta":[],"categories":[183],"tags":[178],"_links":{"self":[{"href":"https:\/\/gobernacionaltaverapaz.gob.gt\/index.php?rest_route=\/wp\/v2\/posts\/15438"}],"collection":[{"href":"https:\/\/gobernacionaltaverapaz.gob.gt\/index.php?rest_route=\/wp\/v2\/posts"}],"about":[{"href":"https:\/\/gobernacionaltaverapaz.gob.gt\/index.php?rest_route=\/wp\/v2\/types\/post"}],"author":[{"embeddable":true,"href":"https:\/\/gobernacionaltaverapaz.gob.gt\/index.php?rest_route=\/wp\/v2\/users\/1"}],"replies":[{"embeddable":true,"href":"https:\/\/gobernacionaltaverapaz.gob.gt\/index.php?rest_route=%2Fwp%2Fv2%2Fcomments&post=15438"}],"version-history":[{"count":2,"href":"https:\/\/gobernacionaltaverapaz.gob.gt\/index.php?rest_route=\/wp\/v2\/posts\/15438\/revisions"}],"predecessor-version":[{"id":15450,"href":"https:\/\/gobernacionaltaverapaz.gob.gt\/index.php?rest_route=\/wp\/v2\/posts\/15438\/revisions\/15450"}],"wp:featuredmedia":[{"embeddable":true,"href":"https:\/\/gobernacionaltaverapaz.gob.gt\/index.php?rest_route=\/wp\/v2\/media\/15440"}],"wp:attachment":[{"href":"https:\/\/gobernacionaltaverapaz.gob.gt\/index.php?rest_route=%2Fwp%2Fv2%2Fmedia&parent=15438"}],"wp:term":[{"taxonomy":"category","embeddable":true,"href":"https:\/\/gobernacionaltaverapaz.gob.gt\/index.php?rest_route=%2Fwp%2Fv2%2Fcategories&post=15438"},{"taxonomy":"post_tag","embeddable":true,"href":"https:\/\/gobernacionaltaverapaz.gob.gt\/index.php?rest_route=%2Fwp%2Fv2%2Ftags&post=15438"}],"curies":[{"name":"wp","href":"https:\/\/api.w.org\/{rel}","templated":true}]}}