{"id":15466,"date":"2023-06-30T19:19:44","date_gmt":"2023-07-01T01:19:44","guid":{"rendered":"https:\/\/gobernacionaltaverapaz.gob.gt\/?p=15466"},"modified":"2023-07-28T12:03:57","modified_gmt":"2023-07-28T18:03:57","slug":"unidad-de-espina-bifida-del-san-juan-de-dios-cambia-la-vida-de-mas-de-8-mil-bebes","status":"publish","type":"post","link":"https:\/\/gobernacionaltaverapaz.gob.gt\/?p=15466","title":{"rendered":"Unidad de Espina B\u00edfida del San Juan de Dios cambia la vida de m\u00e1s de 8 mil beb\u00e9s"},"content":{"rendered":"<p style=\"text-align: justify;\"><a href=\"https:\/\/www.facebook.com\/hashtag\/noticiasmspas?__eep__=6&amp;__cft__[0]=AZXoJyFcpmxLA6Pi5MlxeyVdYYN-BmEzCc1FPw7w-_-lx2-ZGEgxJo_bj-k9WrbmwlCMYr_bueFI4hyHJhOCO8lCjZD4M7RonOClsLbRGIvCkp2Y__uVQxy5E5AopOFM2IM7J6LFsKzj9SWwdpeb1-7a3X8X_nPREsdgMiYIFEWHe_-XxNEuZouQIR9Q-GiUcDun30nEe--dNnn1AKExz_CT&amp;__tn__=*NK-y-R\" target=\"_blank\" rel=\"noopener\">#NoticiasMSPAS<\/a> | Unidad de Espina B\u00edfida del San Juan de Dios cambia la vida de m\u00e1s de 8 mil beb\u00e9s. Conozca m\u00e1s sobre esta afecci\u00f3n.<\/p>\n<p><a href=\"https:\/\/l.facebook.com\/l.php?u=https%3A%2F%2Fbit.ly%2F3JzPc8v%3Ffbclid%3DIwAR2FVN0TeU4w5o05GNc978i3pI5jrNyJ5mR5mD7U5l9SQLSISY_oPScWCmo&amp;h=AT0zFPFvn2Szxy3HeBN5VddFjleq-hGhRTbSj0RoM3kgMPHA4D0X8gRqzOGOaoXNoMPJQcS5kLvjkx-N8dPDqMwAFhDe_yVW-HXBd2lvNVjLfkIOhms7NVU1ROva79dh386W&amp;__tn__=-UK-y-R&amp;c[0]=AT0g_Tqu5jFU4szI5Y9nDiauqARPbWVrAl4aqehsvuZ13AVuM9YGzcjrox1hTpnJD7s8r1PceXESxLWADesnK1e2GRkHelodrip8AdJEUt0SE6CpnbuAvnljZqbhKjlE3sQQErJqg02_YILc9lmDY7MR04JhbTLEf6itUxCyuqkbubIQk_J26gXASVgmLDZWoVFaPCddibNNQAu2xaLxxepiXkZB2-plhmfI\" target=\"_blank\" rel=\"noopener\">https:\/\/bit.ly\/3JzPc8v<\/a><\/p>\n","protected":false},"excerpt":{"rendered":"<p>#NoticiasMSPAS | Unidad de Espina B\u00edfida del San Juan de Dios cambia la vida de m\u00e1s de 8 mil beb\u00e9s. Conozca m\u00e1s sobre esta afecci\u00f3n. https:\/\/bit.ly\/3JzPc8v<\/p>\n","protected":false},"author":1,"featured_media":15467,"comment_status":"closed","ping_status":"open","sticky":false,"template":"","format":"standard","meta":[],"categories":[5],"tags":[178],"_links":{"self":[{"href":"https:\/\/gobernacionaltaverapaz.gob.gt\/index.php?rest_route=\/wp\/v2\/posts\/15466"}],"collection":[{"href":"https:\/\/gobernacionaltaverapaz.gob.gt\/index.php?rest_route=\/wp\/v2\/posts"}],"about":[{"href":"https:\/\/gobernacionaltaverapaz.gob.gt\/index.php?rest_route=\/wp\/v2\/types\/post"}],"author":[{"embeddable":true,"href":"https:\/\/gobernacionaltaverapaz.gob.gt\/index.php?rest_route=\/wp\/v2\/users\/1"}],"replies":[{"embeddable":true,"href":"https:\/\/gobernacionaltaverapaz.gob.gt\/index.php?rest_route=%2Fwp%2Fv2%2Fcomments&post=15466"}],"version-history":[{"count":1,"href":"https:\/\/gobernacionaltaverapaz.gob.gt\/index.php?rest_route=\/wp\/v2\/posts\/15466\/revisions"}],"predecessor-version":[{"id":15468,"href":"https:\/\/gobernacionaltaverapaz.gob.gt\/index.php?rest_route=\/wp\/v2\/posts\/15466\/revisions\/15468"}],"wp:featuredmedia":[{"embeddable":true,"href":"https:\/\/gobernacionaltaverapaz.gob.gt\/index.php?rest_route=\/wp\/v2\/media\/15467"}],"wp:attachment":[{"href":"https:\/\/gobernacionaltaverapaz.gob.gt\/index.php?rest_route=%2Fwp%2Fv2%2Fmedia&parent=15466"}],"wp:term":[{"taxonomy":"category","embeddable":true,"href":"https:\/\/gobernacionaltaverapaz.gob.gt\/index.php?rest_route=%2Fwp%2Fv2%2Fcategories&post=15466"},{"taxonomy":"post_tag","embeddable":true,"href":"https:\/\/gobernacionaltaverapaz.gob.gt\/index.php?rest_route=%2Fwp%2Fv2%2Ftags&post=15466"}],"curies":[{"name":"wp","href":"https:\/\/api.w.org\/{rel}","templated":true}]}}