{"id":15471,"date":"2023-06-30T21:38:38","date_gmt":"2023-07-01T03:38:38","guid":{"rendered":"https:\/\/gobernacionaltaverapaz.gob.gt\/?p=15471"},"modified":"2023-07-28T12:33:12","modified_gmt":"2023-07-28T18:33:12","slug":"reporte-nacional-6","status":"publish","type":"post","link":"https:\/\/gobernacionaltaverapaz.gob.gt\/?p=15471","title":{"rendered":"Reporte Nacional"},"content":{"rendered":"<p><a href=\"https:\/\/www.facebook.com\/guatemalagob\/videos\/2025035091000083\/\" target=\"_blank\" rel=\"noopener\"><img decoding=\"async\" loading=\"lazy\" class=\"alignnone wp-image-15473 size-full\" title=\"Ver video\" src=\"https:\/\/gobernacionaltaverapaz.gob.gt\/wp-content\/uploads\/2023\/07\/002-28.jpg\" alt=\"\" width=\"900\" height=\"600\" srcset=\"https:\/\/gobernacionaltaverapaz.gob.gt\/wp-content\/uploads\/2023\/07\/002-28.jpg 900w, https:\/\/gobernacionaltaverapaz.gob.gt\/wp-content\/uploads\/2023\/07\/002-28-300x200.jpg 300w, https:\/\/gobernacionaltaverapaz.gob.gt\/wp-content\/uploads\/2023\/07\/002-28-768x512.jpg 768w\" sizes=\"(max-width: 900px) 100vw, 900px\" \/><\/a><\/p>\n<p><a href=\"https:\/\/www.facebook.com\/hashtag\/reportenacional?__eep__=6&amp;__cft__[0]=AZVWNhj97AvKE_GTVTyZgDuE0xStI3aZ7dhfcBugQbO-Iuitfp9QkDapfgkspTcToq_MS5HYD0PaZTU0g3RWsv8X6ZjDsQR_7SjFLfNyAdKv6WCEIrhvCvGgumHINX30APrNAhNm5la7crYrVxYXJzM69j-_0_ucrqadvG-0EiKNGNWw5zeaXcX8amZnI0LeUi_DSp4Z8IQyIdYYX58GmQpB&amp;__tn__=*NK-y-R\" target=\"_blank\" rel=\"noopener\">#ReporteNacional<\/a><\/p>\n<ul>\n<li><a href=\"https:\/\/www.facebook.com\/EjercitoGT?__cft__[0]=AZVWNhj97AvKE_GTVTyZgDuE0xStI3aZ7dhfcBugQbO-Iuitfp9QkDapfgkspTcToq_MS5HYD0PaZTU0g3RWsv8X6ZjDsQR_7SjFLfNyAdKv6WCEIrhvCvGgumHINX30APrNAhNm5la7crYrVxYXJzM69j-_0_ucrqadvG-0EiKNGNWw5zeaXcX8amZnI0LeUi_DSp4Z8IQyIdYYX58GmQpB&amp;__tn__=-]K-y-R\" target=\"_blank\" rel=\"noopener\">Ej\u00e9rcito GT Oficial<\/a> conmemora su 152 Aniversario de fundaci\u00f3n<\/li>\n<li>Presentan Primer Informe Trimestral de Gesti\u00f3n 2023<\/li>\n<li><a href=\"https:\/\/www.facebook.com\/MineducGuate?__cft__[0]=AZVWNhj97AvKE_GTVTyZgDuE0xStI3aZ7dhfcBugQbO-Iuitfp9QkDapfgkspTcToq_MS5HYD0PaZTU0g3RWsv8X6ZjDsQR_7SjFLfNyAdKv6WCEIrhvCvGgumHINX30APrNAhNm5la7crYrVxYXJzM69j-_0_ucrqadvG-0EiKNGNWw5zeaXcX8amZnI0LeUi_DSp4Z8IQyIdYYX58GmQpB&amp;__tn__=-]K-y-R\" target=\"_blank\" rel=\"noopener\">Ministerio de Educaci\u00f3n de Guatemala (P\u00e1gina Oficial)<\/a> beneficia a estudiantes de San Marcos con el Programa Tecnolog\u00eda en el Aula<\/li>\n<li><a href=\"https:\/\/www.facebook.com\/insivumeh?__cft__[0]=AZVWNhj97AvKE_GTVTyZgDuE0xStI3aZ7dhfcBugQbO-Iuitfp9QkDapfgkspTcToq_MS5HYD0PaZTU0g3RWsv8X6ZjDsQR_7SjFLfNyAdKv6WCEIrhvCvGgumHINX30APrNAhNm5la7crYrVxYXJzM69j-_0_ucrqadvG-0EiKNGNWw5zeaXcX8amZnI0LeUi_DSp4Z8IQyIdYYX58GmQpB&amp;__tn__=-]K-y-R\" target=\"_blank\" rel=\"noopener\">INSIVUMEH<\/a> pronostica can\u00edcula.<\/li>\n<\/ul>\n","protected":false},"excerpt":{"rendered":"<p>#ReporteNacional Ej\u00e9rcito GT Oficial conmemora su 152 Aniversario de fundaci\u00f3n Presentan Primer Informe Trimestral de Gesti\u00f3n 2023 Ministerio de Educaci\u00f3n de Guatemala (P\u00e1gina Oficial) beneficia a estudiantes de San Marcos con el Programa Tecnolog\u00eda en el Aula INSIVUMEH pronostica can\u00edcula.<\/p>\n","protected":false},"author":1,"featured_media":15472,"comment_status":"closed","ping_status":"open","sticky":false,"template":"","format":"video","meta":[],"categories":[183,2,6],"tags":[178],"_links":{"self":[{"href":"https:\/\/gobernacionaltaverapaz.gob.gt\/index.php?rest_route=\/wp\/v2\/posts\/15471"}],"collection":[{"href":"https:\/\/gobernacionaltaverapaz.gob.gt\/index.php?rest_route=\/wp\/v2\/posts"}],"about":[{"href":"https:\/\/gobernacionaltaverapaz.gob.gt\/index.php?rest_route=\/wp\/v2\/types\/post"}],"author":[{"embeddable":true,"href":"https:\/\/gobernacionaltaverapaz.gob.gt\/index.php?rest_route=\/wp\/v2\/users\/1"}],"replies":[{"embeddable":true,"href":"https:\/\/gobernacionaltaverapaz.gob.gt\/index.php?rest_route=%2Fwp%2Fv2%2Fcomments&post=15471"}],"version-history":[{"count":3,"href":"https:\/\/gobernacionaltaverapaz.gob.gt\/index.php?rest_route=\/wp\/v2\/posts\/15471\/revisions"}],"predecessor-version":[{"id":15476,"href":"https:\/\/gobernacionaltaverapaz.gob.gt\/index.php?rest_route=\/wp\/v2\/posts\/15471\/revisions\/15476"}],"wp:featuredmedia":[{"embeddable":true,"href":"https:\/\/gobernacionaltaverapaz.gob.gt\/index.php?rest_route=\/wp\/v2\/media\/15472"}],"wp:attachment":[{"href":"https:\/\/gobernacionaltaverapaz.gob.gt\/index.php?rest_route=%2Fwp%2Fv2%2Fmedia&parent=15471"}],"wp:term":[{"taxonomy":"category","embeddable":true,"href":"https:\/\/gobernacionaltaverapaz.gob.gt\/index.php?rest_route=%2Fwp%2Fv2%2Fcategories&post=15471"},{"taxonomy":"post_tag","embeddable":true,"href":"https:\/\/gobernacionaltaverapaz.gob.gt\/index.php?rest_route=%2Fwp%2Fv2%2Ftags&post=15471"}],"curies":[{"name":"wp","href":"https:\/\/api.w.org\/{rel}","templated":true}]}}