{"id":15483,"date":"2023-07-04T11:17:19","date_gmt":"2023-07-04T17:17:19","guid":{"rendered":"https:\/\/gobernacionaltaverapaz.gob.gt\/?p=15483"},"modified":"2023-07-28T15:06:52","modified_gmt":"2023-07-28T21:06:52","slug":"brigada-de-paracaidistas-realiza-patrullajes-en-distintas-areas-del-departamento-de-escuintla-2","status":"publish","type":"post","link":"https:\/\/gobernacionaltaverapaz.gob.gt\/?p=15483","title":{"rendered":"Brigada de Paracaidistas realiza patrullajes en distintas \u00e1reas del departamento de Escuintla"},"content":{"rendered":"<p><img decoding=\"async\" loading=\"lazy\" class=\"alignnone size-full wp-image-15484\" src=\"https:\/\/gobernacionaltaverapaz.gob.gt\/wp-content\/uploads\/2023\/07\/001-33.jpg\" alt=\"\" width=\"900\" height=\"600\" srcset=\"https:\/\/gobernacionaltaverapaz.gob.gt\/wp-content\/uploads\/2023\/07\/001-33.jpg 900w, https:\/\/gobernacionaltaverapaz.gob.gt\/wp-content\/uploads\/2023\/07\/001-33-300x200.jpg 300w, https:\/\/gobernacionaltaverapaz.gob.gt\/wp-content\/uploads\/2023\/07\/001-33-768x512.jpg 768w\" sizes=\"(max-width: 900px) 100vw, 900px\" \/><\/p>\n<p><a href=\"https:\/\/www.facebook.com\/hashtag\/ej%C3%A9rcitogt?__eep__=6&amp;__cft__[0]=AZXpjgI2iE6qt-FmkLtTDvOUczuRO_t6EQtbAGXAhZRM-nNZDE3LGrhq5wvGw8lW3tLfcngOIM5YnaP6BZ42Z0-zq5CTG_3_zCk6h3lAH0yr8608bDkcFyk4Ke966QAUI0i7gazZRmsqUlcrBpViPYF0iG9t-GxLYv8bRjNrOhCS1MWyTPLoOODPFyBgqnniLiYwmHTEnu0jPAmgzdXdXQvf&amp;__tn__=*NK-y-R\" target=\"_blank\" rel=\"noopener\">#Ej\u00e9rcitoGT<\/a> a trav\u00e9s de la Brigada de Paracaidistas, realiza patrullajes en distintas \u00e1reas del departamento de <a href=\"https:\/\/www.facebook.com\/hashtag\/escuintla?__eep__=6&amp;__cft__[0]=AZXpjgI2iE6qt-FmkLtTDvOUczuRO_t6EQtbAGXAhZRM-nNZDE3LGrhq5wvGw8lW3tLfcngOIM5YnaP6BZ42Z0-zq5CTG_3_zCk6h3lAH0yr8608bDkcFyk4Ke966QAUI0i7gazZRmsqUlcrBpViPYF0iG9t-GxLYv8bRjNrOhCS1MWyTPLoOODPFyBgqnniLiYwmHTEnu0jPAmgzdXdXQvf&amp;__tn__=*NK-y-R\" target=\"_blank\" rel=\"noopener\">#Escuintla<\/a>, con el objeto de garantizar seguridad a la poblaci\u00f3n guatemalteca.<\/p>\n<p><a href=\"https:\/\/www.facebook.com\/hashtag\/escuintla?__eep__=6&amp;__cft__[0]=AZXpjgI2iE6qt-FmkLtTDvOUczuRO_t6EQtbAGXAhZRM-nNZDE3LGrhq5wvGw8lW3tLfcngOIM5YnaP6BZ42Z0-zq5CTG_3_zCk6h3lAH0yr8608bDkcFyk4Ke966QAUI0i7gazZRmsqUlcrBpViPYF0iG9t-GxLYv8bRjNrOhCS1MWyTPLoOODPFyBgqnniLiYwmHTEnu0jPAmgzdXdXQvf&amp;__tn__=*NK-y-R\" target=\"_blank\" rel=\"noopener\">#365D\u00edasAlServicioDeMiPatria<\/a><\/p>\n","protected":false},"excerpt":{"rendered":"<p>#Ej\u00e9rcitoGT a trav\u00e9s de la Brigada de Paracaidistas, realiza patrullajes en distintas \u00e1reas del departamento de #Escuintla, con el objeto de garantizar seguridad a la poblaci\u00f3n guatemalteca. #365D\u00edasAlServicioDeMiPatria<\/p>\n","protected":false},"author":1,"featured_media":15484,"comment_status":"closed","ping_status":"open","sticky":false,"template":"","format":"standard","meta":[],"categories":[197,185],"tags":[178],"_links":{"self":[{"href":"https:\/\/gobernacionaltaverapaz.gob.gt\/index.php?rest_route=\/wp\/v2\/posts\/15483"}],"collection":[{"href":"https:\/\/gobernacionaltaverapaz.gob.gt\/index.php?rest_route=\/wp\/v2\/posts"}],"about":[{"href":"https:\/\/gobernacionaltaverapaz.gob.gt\/index.php?rest_route=\/wp\/v2\/types\/post"}],"author":[{"embeddable":true,"href":"https:\/\/gobernacionaltaverapaz.gob.gt\/index.php?rest_route=\/wp\/v2\/users\/1"}],"replies":[{"embeddable":true,"href":"https:\/\/gobernacionaltaverapaz.gob.gt\/index.php?rest_route=%2Fwp%2Fv2%2Fcomments&post=15483"}],"version-history":[{"count":3,"href":"https:\/\/gobernacionaltaverapaz.gob.gt\/index.php?rest_route=\/wp\/v2\/posts\/15483\/revisions"}],"predecessor-version":[{"id":15487,"href":"https:\/\/gobernacionaltaverapaz.gob.gt\/index.php?rest_route=\/wp\/v2\/posts\/15483\/revisions\/15487"}],"wp:featuredmedia":[{"embeddable":true,"href":"https:\/\/gobernacionaltaverapaz.gob.gt\/index.php?rest_route=\/wp\/v2\/media\/15484"}],"wp:attachment":[{"href":"https:\/\/gobernacionaltaverapaz.gob.gt\/index.php?rest_route=%2Fwp%2Fv2%2Fmedia&parent=15483"}],"wp:term":[{"taxonomy":"category","embeddable":true,"href":"https:\/\/gobernacionaltaverapaz.gob.gt\/index.php?rest_route=%2Fwp%2Fv2%2Fcategories&post=15483"},{"taxonomy":"post_tag","embeddable":true,"href":"https:\/\/gobernacionaltaverapaz.gob.gt\/index.php?rest_route=%2Fwp%2Fv2%2Ftags&post=15483"}],"curies":[{"name":"wp","href":"https:\/\/api.w.org\/{rel}","templated":true}]}}