{"id":15496,"date":"2023-07-04T13:04:03","date_gmt":"2023-07-04T19:04:03","guid":{"rendered":"https:\/\/gobernacionaltaverapaz.gob.gt\/?p=15496"},"modified":"2023-07-28T15:58:35","modified_gmt":"2023-07-28T21:58:35","slug":"visita-de-cortesia-a-la-sra-gobernadora-representantes-de-la-fao-food-and-agriculture-organization-of-the-united-nations-guatemala-y-comision-presidencial-por-la-paz-y-los-derechos-humanos","status":"publish","type":"post","link":"https:\/\/gobernacionaltaverapaz.gob.gt\/?p=15496","title":{"rendered":"Visita de cortes\u00eda a la Sra. Gobernadora representantes de la FAO &#8211; Food and Agriculture Organization of the United Nations- Guatemala y Comisi\u00f3n Presidencial por la Paz y los Derechos Humanos"},"content":{"rendered":"<p><a href=\"https:\/\/www.facebook.com\/hashtag\/altaverapaz?__eep__=6&amp;__cft__[0]=AZVH0nWvwJgwTR0NDGfkFPPGbGY4tUVuPZ_xxJXFmvOtbdyU4K0bhNXnirbakx37dVSuNUc0v1E-q_B8A9yQv_xy7UzcN05QKfZP4SHMEKTTfbUq3IaLjfCx5oXzmOOyHVcyXbiXbXq3wPzlP3tkfH70VGyLtDLskwS2pXpeqSirHtJqTLpfSELIwr-9iyy6hMg&amp;__tn__=*NK-R\" target=\"_blank\" rel=\"noopener\">#AltaVerapaz<\/a><\/p>\n<p style=\"text-align: justify;\">La Sra. Gobernadora, tuvo a bien recibir en su despacho a representantes de la <a href=\"https:\/\/www.facebook.com\/FAO-Food-and-Agriculture-Organization-of-the-United-Nations-Guatemala-299188287444001\/?__cft__[0]=AZVH0nWvwJgwTR0NDGfkFPPGbGY4tUVuPZ_xxJXFmvOtbdyU4K0bhNXnirbakx37dVSuNUc0v1E-q_B8A9yQv_xy7UzcN05QKfZP4SHMEKTTfbUq3IaLjfCx5oXzmOOyHVcyXbiXbXq3wPzlP3tkfH70VGyLtDLskwS2pXpeqSirHtJqTLpfSELIwr-9iyy6hMg&amp;__tn__=kK-R\" target=\"_blank\" rel=\"noopener\">FAO &#8211; Food and Agriculture Organization of the United Nations- Guatemala y Comisi\u00f3n Presidencial por la Paz y los Derechos Humanos<\/a>, quienes refirieron hacer una visita de cortes\u00eda a esta Gobernaci\u00f3n con la finalidad de estrechar lazos de cooperaci\u00f3n que sirvan para trabajar de la mano temas de conflictividad a trav\u00e9s de mesas de dialogo en los Municipios de Tucur\u00fa, La Tinta y Panz\u00f3s. Y a la vez darles continuidad a los procesos de fortalecimiento a los miembros de la Comisi\u00f3n de Conflictividad Departamental.<\/p>\n<p><a href=\"https:\/\/www.facebook.com\/hashtag\/elgobdelosguatemaltecos?__eep__=6&amp;__cft__[0]=AZVH0nWvwJgwTR0NDGfkFPPGbGY4tUVuPZ_xxJXFmvOtbdyU4K0bhNXnirbakx37dVSuNUc0v1E-q_B8A9yQv_xy7UzcN05QKfZP4SHMEKTTfbUq3IaLjfCx5oXzmOOyHVcyXbiXbXq3wPzlP3tkfH70VGyLtDLskwS2pXpeqSirHtJqTLpfSELIwr-9iyy6hMg&amp;__tn__=*NK-R\" target=\"_blank\" rel=\"noopener\">#ElGobDeLosGuatemaltecos<\/a><\/p>\n<p><img decoding=\"async\" loading=\"lazy\" class=\"alignnone size-full wp-image-15499\" src=\"https:\/\/gobernacionaltaverapaz.gob.gt\/wp-content\/uploads\/2023\/07\/003-13.jpg\" alt=\"\" width=\"900\" height=\"600\" srcset=\"https:\/\/gobernacionaltaverapaz.gob.gt\/wp-content\/uploads\/2023\/07\/003-13.jpg 900w, https:\/\/gobernacionaltaverapaz.gob.gt\/wp-content\/uploads\/2023\/07\/003-13-300x200.jpg 300w, https:\/\/gobernacionaltaverapaz.gob.gt\/wp-content\/uploads\/2023\/07\/003-13-768x512.jpg 768w\" sizes=\"(max-width: 900px) 100vw, 900px\" \/><\/p>\n<p><img decoding=\"async\" loading=\"lazy\" class=\"alignnone size-full wp-image-15498\" src=\"https:\/\/gobernacionaltaverapaz.gob.gt\/wp-content\/uploads\/2023\/07\/002-30.jpg\" alt=\"\" width=\"900\" height=\"600\" srcset=\"https:\/\/gobernacionaltaverapaz.gob.gt\/wp-content\/uploads\/2023\/07\/002-30.jpg 900w, https:\/\/gobernacionaltaverapaz.gob.gt\/wp-content\/uploads\/2023\/07\/002-30-300x200.jpg 300w, https:\/\/gobernacionaltaverapaz.gob.gt\/wp-content\/uploads\/2023\/07\/002-30-768x512.jpg 768w\" sizes=\"(max-width: 900px) 100vw, 900px\" \/><\/p>\n","protected":false},"excerpt":{"rendered":"<p>#AltaVerapaz La Sra. Gobernadora, tuvo a bien recibir en su despacho a representantes de la FAO &#8211; Food and Agriculture Organization of the United Nations- Guatemala y Comisi\u00f3n Presidencial por la Paz y los Derechos Humanos, quienes refirieron hacer una visita de cortes\u00eda a esta Gobernaci\u00f3n con la finalidad de estrechar lazos de cooperaci\u00f3n que [&hellip;]<\/p>\n","protected":false},"author":1,"featured_media":15497,"comment_status":"closed","ping_status":"open","sticky":false,"template":"","format":"standard","meta":[],"categories":[191],"tags":[178],"_links":{"self":[{"href":"https:\/\/gobernacionaltaverapaz.gob.gt\/index.php?rest_route=\/wp\/v2\/posts\/15496"}],"collection":[{"href":"https:\/\/gobernacionaltaverapaz.gob.gt\/index.php?rest_route=\/wp\/v2\/posts"}],"about":[{"href":"https:\/\/gobernacionaltaverapaz.gob.gt\/index.php?rest_route=\/wp\/v2\/types\/post"}],"author":[{"embeddable":true,"href":"https:\/\/gobernacionaltaverapaz.gob.gt\/index.php?rest_route=\/wp\/v2\/users\/1"}],"replies":[{"embeddable":true,"href":"https:\/\/gobernacionaltaverapaz.gob.gt\/index.php?rest_route=%2Fwp%2Fv2%2Fcomments&post=15496"}],"version-history":[{"count":2,"href":"https:\/\/gobernacionaltaverapaz.gob.gt\/index.php?rest_route=\/wp\/v2\/posts\/15496\/revisions"}],"predecessor-version":[{"id":15501,"href":"https:\/\/gobernacionaltaverapaz.gob.gt\/index.php?rest_route=\/wp\/v2\/posts\/15496\/revisions\/15501"}],"wp:featuredmedia":[{"embeddable":true,"href":"https:\/\/gobernacionaltaverapaz.gob.gt\/index.php?rest_route=\/wp\/v2\/media\/15497"}],"wp:attachment":[{"href":"https:\/\/gobernacionaltaverapaz.gob.gt\/index.php?rest_route=%2Fwp%2Fv2%2Fmedia&parent=15496"}],"wp:term":[{"taxonomy":"category","embeddable":true,"href":"https:\/\/gobernacionaltaverapaz.gob.gt\/index.php?rest_route=%2Fwp%2Fv2%2Fcategories&post=15496"},{"taxonomy":"post_tag","embeddable":true,"href":"https:\/\/gobernacionaltaverapaz.gob.gt\/index.php?rest_route=%2Fwp%2Fv2%2Ftags&post=15496"}],"curies":[{"name":"wp","href":"https:\/\/api.w.org\/{rel}","templated":true}]}}