{"id":15521,"date":"2023-07-05T10:48:54","date_gmt":"2023-07-05T16:48:54","guid":{"rendered":"https:\/\/gobernacionaltaverapaz.gob.gt\/?p=15521"},"modified":"2023-07-31T09:42:00","modified_gmt":"2023-07-31T15:42:00","slug":"la-sra-gobernadora-departamental-participa-en-reunion-organizada-por-agexport-guatemala","status":"publish","type":"post","link":"https:\/\/gobernacionaltaverapaz.gob.gt\/?p=15521","title":{"rendered":"Sra. Gobernadora Departamental participa en reuni\u00f3n Organizada por Agexport Guatemala"},"content":{"rendered":"<p><a href=\"https:\/\/www.facebook.com\/hashtag\/altaverapaz?__eep__=6&amp;__cft__[0]=AZWQMSRGea0C3BO1DvfCVadgIeBDfCUhXNQa6oKygkltO1Ul2p-0a3G4iKPZ_Jp_x7k1bK2xBiRpSkeTsQDAst4YXLjx9y-fGna7HX-KVBuLvm49GHBP6_Akl-uS94Y7WGBe5o3OTbUJ21jft3FKgdoSZJ-V3lF2wZdlxL73QK36YIAJwoZmhz2xT5LlnfIuGi4&amp;__tn__=*NK-R\" target=\"_blank\" rel=\"noopener\">#AltaVerapaz<\/a><\/p>\n<p style=\"text-align: justify;\">La Sra. Gobernadora Departamental, participa en reuni\u00f3n Organizada por <a href=\"https:\/\/www.facebook.com\/hashtag\/agexport?__eep__=6&amp;__cft__[0]=AZWQMSRGea0C3BO1DvfCVadgIeBDfCUhXNQa6oKygkltO1Ul2p-0a3G4iKPZ_Jp_x7k1bK2xBiRpSkeTsQDAst4YXLjx9y-fGna7HX-KVBuLvm49GHBP6_Akl-uS94Y7WGBe5o3OTbUJ21jft3FKgdoSZJ-V3lF2wZdlxL73QK36YIAJwoZmhz2xT5LlnfIuGi4&amp;__tn__=*NK-R\" target=\"_blank\" rel=\"noopener\">#Agexport<\/a> Guatemala, la cual tiene por objetivo la rehabilitaci\u00f3n de Aer\u00f3dromo de Alta Verapaz, mismo que es de suma importancia para potencializar la econom\u00eda en el territorio.<\/p>\n<p><a href=\"https:\/\/www.facebook.com\/hashtag\/elgobdelosguatemaltecos?__eep__=6&amp;__cft__[0]=AZWQMSRGea0C3BO1DvfCVadgIeBDfCUhXNQa6oKygkltO1Ul2p-0a3G4iKPZ_Jp_x7k1bK2xBiRpSkeTsQDAst4YXLjx9y-fGna7HX-KVBuLvm49GHBP6_Akl-uS94Y7WGBe5o3OTbUJ21jft3FKgdoSZJ-V3lF2wZdlxL73QK36YIAJwoZmhz2xT5LlnfIuGi4&amp;__tn__=*NK-R\" target=\"_blank\" rel=\"noopener\">#ElGobDeLosGuatemaltecos<\/a><\/p>\n<div><\/div>\n","protected":false},"excerpt":{"rendered":"<p>#AltaVerapaz La Sra. Gobernadora Departamental, participa en reuni\u00f3n Organizada por #Agexport Guatemala, la cual tiene por objetivo la rehabilitaci\u00f3n de Aer\u00f3dromo de Alta Verapaz, mismo que es de suma importancia para potencializar la econom\u00eda en el territorio. #ElGobDeLosGuatemaltecos<\/p>\n","protected":false},"author":1,"featured_media":15526,"comment_status":"closed","ping_status":"open","sticky":false,"template":"","format":"gallery","meta":[],"categories":[183],"tags":[178],"_links":{"self":[{"href":"https:\/\/gobernacionaltaverapaz.gob.gt\/index.php?rest_route=\/wp\/v2\/posts\/15521"}],"collection":[{"href":"https:\/\/gobernacionaltaverapaz.gob.gt\/index.php?rest_route=\/wp\/v2\/posts"}],"about":[{"href":"https:\/\/gobernacionaltaverapaz.gob.gt\/index.php?rest_route=\/wp\/v2\/types\/post"}],"author":[{"embeddable":true,"href":"https:\/\/gobernacionaltaverapaz.gob.gt\/index.php?rest_route=\/wp\/v2\/users\/1"}],"replies":[{"embeddable":true,"href":"https:\/\/gobernacionaltaverapaz.gob.gt\/index.php?rest_route=%2Fwp%2Fv2%2Fcomments&post=15521"}],"version-history":[{"count":3,"href":"https:\/\/gobernacionaltaverapaz.gob.gt\/index.php?rest_route=\/wp\/v2\/posts\/15521\/revisions"}],"predecessor-version":[{"id":15529,"href":"https:\/\/gobernacionaltaverapaz.gob.gt\/index.php?rest_route=\/wp\/v2\/posts\/15521\/revisions\/15529"}],"wp:featuredmedia":[{"embeddable":true,"href":"https:\/\/gobernacionaltaverapaz.gob.gt\/index.php?rest_route=\/wp\/v2\/media\/15526"}],"wp:attachment":[{"href":"https:\/\/gobernacionaltaverapaz.gob.gt\/index.php?rest_route=%2Fwp%2Fv2%2Fmedia&parent=15521"}],"wp:term":[{"taxonomy":"category","embeddable":true,"href":"https:\/\/gobernacionaltaverapaz.gob.gt\/index.php?rest_route=%2Fwp%2Fv2%2Fcategories&post=15521"},{"taxonomy":"post_tag","embeddable":true,"href":"https:\/\/gobernacionaltaverapaz.gob.gt\/index.php?rest_route=%2Fwp%2Fv2%2Ftags&post=15521"}],"curies":[{"name":"wp","href":"https:\/\/api.w.org\/{rel}","templated":true}]}}