{"id":15530,"date":"2023-07-05T11:33:10","date_gmt":"2023-07-05T17:33:10","guid":{"rendered":"https:\/\/gobernacionaltaverapaz.gob.gt\/?p=15530"},"modified":"2023-07-31T10:02:30","modified_gmt":"2023-07-31T16:02:30","slug":"sra-gobernadora-departamental-de-altaverapaz-participo-en-la-inauguracion-de-la-primera-etapa-del-summit-de-mujeres-exportadoras-2023","status":"publish","type":"post","link":"https:\/\/gobernacionaltaverapaz.gob.gt\/?p=15530","title":{"rendered":"Sra. Gobernadora de A.V., particip\u00f3 en la inauguraci\u00f3n de la primera etapa del &#8220;Summit de Mujeres Exportadoras 2023&#8221;"},"content":{"rendered":"<p><a href=\"https:\/\/www.facebook.com\/hashtag\/altaverapaz?__eep__=6&amp;__cft__[0]=AZXBoFnKlN1qeJkqQe_irkrpsJzYz_WwZHboxEDiak7y-2Zn1bkQMFuyMR3jhEZtoAzi9HRWoyxiaiCx4uky6WP-zx4b0SfOkb_gGUvuTYTMzVUXCBOy56li7rnESaio7dHlY4VDkyBH-UNI-DUe4V7EymnjpmpCo1-uwgiPq-0EgS7hpH-kfP89TpdYlurk9zE&amp;__tn__=*NK-R\" target=\"_blank\" rel=\"noopener\">#AltaVerapaz<\/a><\/p>\n<p style=\"text-align: justify;\">Con la misi\u00f3n de fortalecer el trabajo de empresas exportadoras y emprendimientos liderados por mujeres, La Sra. Gobernadora Departamental de <a href=\"https:\/\/www.facebook.com\/hashtag\/altaverapaz?__eep__=6&amp;__cft__[0]=AZXBoFnKlN1qeJkqQe_irkrpsJzYz_WwZHboxEDiak7y-2Zn1bkQMFuyMR3jhEZtoAzi9HRWoyxiaiCx4uky6WP-zx4b0SfOkb_gGUvuTYTMzVUXCBOy56li7rnESaio7dHlY4VDkyBH-UNI-DUe4V7EymnjpmpCo1-uwgiPq-0EgS7hpH-kfP89TpdYlurk9zE&amp;__tn__=*NK-R\" target=\"_blank\" rel=\"noopener\">#AltaVerapaz<\/a>, particip\u00f3 en la inauguraci\u00f3n de la primera etapa del &#8220;Summit de Mujeres Exportadoras 2023: una discusi\u00f3n y propuesta alrededor de Mujeres, Exportaci\u00f3n y Negocios&#8221;. Actividad dirigida por el Comit\u00e9 de Mujeres Exportadoras de <a href=\"https:\/\/www.facebook.com\/hashtag\/agexport?__eep__=6&amp;__cft__[0]=AZXBoFnKlN1qeJkqQe_irkrpsJzYz_WwZHboxEDiak7y-2Zn1bkQMFuyMR3jhEZtoAzi9HRWoyxiaiCx4uky6WP-zx4b0SfOkb_gGUvuTYTMzVUXCBOy56li7rnESaio7dHlY4VDkyBH-UNI-DUe4V7EymnjpmpCo1-uwgiPq-0EgS7hpH-kfP89TpdYlurk9zE&amp;__tn__=*NK-R\" target=\"_blank\" rel=\"noopener\">#AGEXPORT<\/a> en conjunto con el <a href=\"https:\/\/www.facebook.com\/MINECOGT?__cft__[0]=AZXBoFnKlN1qeJkqQe_irkrpsJzYz_WwZHboxEDiak7y-2Zn1bkQMFuyMR3jhEZtoAzi9HRWoyxiaiCx4uky6WP-zx4b0SfOkb_gGUvuTYTMzVUXCBOy56li7rnESaio7dHlY4VDkyBH-UNI-DUe4V7EymnjpmpCo1-uwgiPq-0EgS7hpH-kfP89TpdYlurk9zE&amp;__tn__=-]K-R\" target=\"_blank\" rel=\"noopener\">Ministerio de Econom\u00eda Guatemala<\/a> y con el apoyo de <a href=\"https:\/\/www.facebook.com\/hashtag\/gtcmujer?__eep__=6&amp;__cft__[0]=AZXBoFnKlN1qeJkqQe_irkrpsJzYz_WwZHboxEDiak7y-2Zn1bkQMFuyMR3jhEZtoAzi9HRWoyxiaiCx4uky6WP-zx4b0SfOkb_gGUvuTYTMzVUXCBOy56li7rnESaio7dHlY4VDkyBH-UNI-DUe4V7EymnjpmpCo1-uwgiPq-0EgS7hpH-kfP89TpdYlurk9zE&amp;__tn__=*NK-R\" target=\"_blank\" rel=\"noopener\">#GTCMujer<\/a>.<\/p>\n<p><a href=\"https:\/\/www.facebook.com\/hashtag\/elgobdelosguatemaltecos?__eep__=6&amp;__cft__[0]=AZXBoFnKlN1qeJkqQe_irkrpsJzYz_WwZHboxEDiak7y-2Zn1bkQMFuyMR3jhEZtoAzi9HRWoyxiaiCx4uky6WP-zx4b0SfOkb_gGUvuTYTMzVUXCBOy56li7rnESaio7dHlY4VDkyBH-UNI-DUe4V7EymnjpmpCo1-uwgiPq-0EgS7hpH-kfP89TpdYlurk9zE&amp;__tn__=*NK-R\" target=\"_blank\" rel=\"noopener\">#ElGobDeLosGuatemaltecos<\/a><\/p>\n<div><\/div>\n","protected":false},"excerpt":{"rendered":"<p>Con la misi\u00f3n de fortalecer el trabajo de empresas exportadoras y emprendimientos liderados por mujeres.<\/p>\n","protected":false},"author":1,"featured_media":15538,"comment_status":"closed","ping_status":"open","sticky":false,"template":"","format":"gallery","meta":[],"categories":[7],"tags":[178],"_links":{"self":[{"href":"https:\/\/gobernacionaltaverapaz.gob.gt\/index.php?rest_route=\/wp\/v2\/posts\/15530"}],"collection":[{"href":"https:\/\/gobernacionaltaverapaz.gob.gt\/index.php?rest_route=\/wp\/v2\/posts"}],"about":[{"href":"https:\/\/gobernacionaltaverapaz.gob.gt\/index.php?rest_route=\/wp\/v2\/types\/post"}],"author":[{"embeddable":true,"href":"https:\/\/gobernacionaltaverapaz.gob.gt\/index.php?rest_route=\/wp\/v2\/users\/1"}],"replies":[{"embeddable":true,"href":"https:\/\/gobernacionaltaverapaz.gob.gt\/index.php?rest_route=%2Fwp%2Fv2%2Fcomments&post=15530"}],"version-history":[{"count":9,"href":"https:\/\/gobernacionaltaverapaz.gob.gt\/index.php?rest_route=\/wp\/v2\/posts\/15530\/revisions"}],"predecessor-version":[{"id":15547,"href":"https:\/\/gobernacionaltaverapaz.gob.gt\/index.php?rest_route=\/wp\/v2\/posts\/15530\/revisions\/15547"}],"wp:featuredmedia":[{"embeddable":true,"href":"https:\/\/gobernacionaltaverapaz.gob.gt\/index.php?rest_route=\/wp\/v2\/media\/15538"}],"wp:attachment":[{"href":"https:\/\/gobernacionaltaverapaz.gob.gt\/index.php?rest_route=%2Fwp%2Fv2%2Fmedia&parent=15530"}],"wp:term":[{"taxonomy":"category","embeddable":true,"href":"https:\/\/gobernacionaltaverapaz.gob.gt\/index.php?rest_route=%2Fwp%2Fv2%2Fcategories&post=15530"},{"taxonomy":"post_tag","embeddable":true,"href":"https:\/\/gobernacionaltaverapaz.gob.gt\/index.php?rest_route=%2Fwp%2Fv2%2Ftags&post=15530"}],"curies":[{"name":"wp","href":"https:\/\/api.w.org\/{rel}","templated":true}]}}