{"id":15548,"date":"2023-07-05T11:02:27","date_gmt":"2023-07-05T17:02:27","guid":{"rendered":"https:\/\/gobernacionaltaverapaz.gob.gt\/?p=15548"},"modified":"2023-07-31T10:12:19","modified_gmt":"2023-07-31T16:12:19","slug":"brigada-de-infanteria-de-marina-efectuo-patrullaje-lacustre-en-lago-de-izabal-2","status":"publish","type":"post","link":"https:\/\/gobernacionaltaverapaz.gob.gt\/?p=15548","title":{"rendered":"Brigada de Infanter\u00eda de Marina efectu\u00f3 patrullaje lacustre en Lago de Izabal"},"content":{"rendered":"<p style=\"text-align: justify;\"><a href=\"https:\/\/www.facebook.com\/hashtag\/ej%C3%A9rcitogt?__eep__=6&amp;__cft__[0]=AZVKsWdnRZlFxtTVIKpXdZUe3RPzVJGowKFoGPO961QJu1JQSbSVNKMFh0y1LqpzQv7PQnLBkcegiICYIS9YdJffso2ZHjGB2YERhUJR3aiVjdhfZ1C882f3H7WtymAg0GMkSn6oLIy5dNp8vgi1Ep4GsTxRBaYW0Op5Y8Jjdqew48k5xyOXHn1-LnZ0kmi-8glR8Cc_IGNGcGphJ_ucFX8Z&amp;__tn__=*NK-y-R\" target=\"_blank\" rel=\"noopener\">#Ej\u00e9rcitoGT<\/a> a trav\u00e9s de la Brigada de Infanter\u00eda de Marina efectu\u00f3 patrullaje lacustre en Lago de <a href=\"https:\/\/www.facebook.com\/hashtag\/izabal?__eep__=6&amp;__cft__[0]=AZVKsWdnRZlFxtTVIKpXdZUe3RPzVJGowKFoGPO961QJu1JQSbSVNKMFh0y1LqpzQv7PQnLBkcegiICYIS9YdJffso2ZHjGB2YERhUJR3aiVjdhfZ1C882f3H7WtymAg0GMkSn6oLIy5dNp8vgi1Ep4GsTxRBaYW0Op5Y8Jjdqew48k5xyOXHn1-LnZ0kmi-8glR8Cc_IGNGcGphJ_ucFX8Z&amp;__tn__=*NK-y-R\" target=\"_blank\" rel=\"noopener\">#Izabal<\/a>, con el objeto de resguardar los recursos naturales y garantizar seguridad a los guatemaltecos.<\/p>\n<p><a href=\"https:\/\/www.facebook.com\/hashtag\/365d%C3%ADasalserviciodemipatria?__eep__=6&amp;__cft__[0]=AZVKsWdnRZlFxtTVIKpXdZUe3RPzVJGowKFoGPO961QJu1JQSbSVNKMFh0y1LqpzQv7PQnLBkcegiICYIS9YdJffso2ZHjGB2YERhUJR3aiVjdhfZ1C882f3H7WtymAg0GMkSn6oLIy5dNp8vgi1Ep4GsTxRBaYW0Op5Y8Jjdqew48k5xyOXHn1-LnZ0kmi-8glR8Cc_IGNGcGphJ_ucFX8Z&amp;__tn__=*NK-y-R\" target=\"_blank\" rel=\"noopener\">#365D\u00edasAlServicioDeMiPatria<\/a><\/p>\n","protected":false},"excerpt":{"rendered":"<p>#Ej\u00e9rcitoGT a trav\u00e9s de la Brigada de Infanter\u00eda de Marina efectu\u00f3 patrullaje lacustre en Lago de #Izabal, con el objeto de resguardar los recursos naturales y garantizar seguridad a los guatemaltecos. #365D\u00edasAlServicioDeMiPatria<\/p>\n","protected":false},"author":1,"featured_media":15549,"comment_status":"closed","ping_status":"open","sticky":false,"template":"","format":"standard","meta":[],"categories":[197],"tags":[178],"_links":{"self":[{"href":"https:\/\/gobernacionaltaverapaz.gob.gt\/index.php?rest_route=\/wp\/v2\/posts\/15548"}],"collection":[{"href":"https:\/\/gobernacionaltaverapaz.gob.gt\/index.php?rest_route=\/wp\/v2\/posts"}],"about":[{"href":"https:\/\/gobernacionaltaverapaz.gob.gt\/index.php?rest_route=\/wp\/v2\/types\/post"}],"author":[{"embeddable":true,"href":"https:\/\/gobernacionaltaverapaz.gob.gt\/index.php?rest_route=\/wp\/v2\/users\/1"}],"replies":[{"embeddable":true,"href":"https:\/\/gobernacionaltaverapaz.gob.gt\/index.php?rest_route=%2Fwp%2Fv2%2Fcomments&post=15548"}],"version-history":[{"count":1,"href":"https:\/\/gobernacionaltaverapaz.gob.gt\/index.php?rest_route=\/wp\/v2\/posts\/15548\/revisions"}],"predecessor-version":[{"id":15550,"href":"https:\/\/gobernacionaltaverapaz.gob.gt\/index.php?rest_route=\/wp\/v2\/posts\/15548\/revisions\/15550"}],"wp:featuredmedia":[{"embeddable":true,"href":"https:\/\/gobernacionaltaverapaz.gob.gt\/index.php?rest_route=\/wp\/v2\/media\/15549"}],"wp:attachment":[{"href":"https:\/\/gobernacionaltaverapaz.gob.gt\/index.php?rest_route=%2Fwp%2Fv2%2Fmedia&parent=15548"}],"wp:term":[{"taxonomy":"category","embeddable":true,"href":"https:\/\/gobernacionaltaverapaz.gob.gt\/index.php?rest_route=%2Fwp%2Fv2%2Fcategories&post=15548"},{"taxonomy":"post_tag","embeddable":true,"href":"https:\/\/gobernacionaltaverapaz.gob.gt\/index.php?rest_route=%2Fwp%2Fv2%2Ftags&post=15548"}],"curies":[{"name":"wp","href":"https:\/\/api.w.org\/{rel}","templated":true}]}}