{"id":15551,"date":"2023-07-05T16:22:15","date_gmt":"2023-07-05T22:22:15","guid":{"rendered":"https:\/\/gobernacionaltaverapaz.gob.gt\/?p=15551"},"modified":"2023-07-31T10:25:46","modified_gmt":"2023-07-31T16:25:46","slug":"aporte-tarifa-social","status":"publish","type":"post","link":"https:\/\/gobernacionaltaverapaz.gob.gt\/?p=15551","title":{"rendered":"Aporte tarifa social"},"content":{"rendered":"<p><a href=\"https:\/\/www.facebook.com\/guatemalagob\/videos\/818027786615881\" target=\"_blank\" rel=\"noopener\"><img decoding=\"async\" loading=\"lazy\" class=\"alignnone wp-image-15553 size-full\" title=\"Ver video\" src=\"https:\/\/gobernacionaltaverapaz.gob.gt\/wp-content\/uploads\/2023\/07\/002-36.jpg\" alt=\"\" width=\"900\" height=\"600\" srcset=\"https:\/\/gobernacionaltaverapaz.gob.gt\/wp-content\/uploads\/2023\/07\/002-36.jpg 900w, https:\/\/gobernacionaltaverapaz.gob.gt\/wp-content\/uploads\/2023\/07\/002-36-300x200.jpg 300w, https:\/\/gobernacionaltaverapaz.gob.gt\/wp-content\/uploads\/2023\/07\/002-36-768x512.jpg 768w\" sizes=\"(max-width: 900px) 100vw, 900px\" \/><\/a><\/p>\n<p style=\"text-align: justify;\"><a href=\"https:\/\/www.facebook.com\/hashtag\/protagonistasdenuestrotiempo?__eep__=6&amp;__cft__[0]=AZW4tJV_6nug9cAmbnd7kcnBSr7f4wHhQxnL69zOd8DtcVbm4yMEcFY94wAR9-5RTkL6U3zwUj78e01Lb9oue-iB7A96Ij0E0qYrUV2XdoS2QwNJ4CpxFjiqbnpB5NvKybKZz3Ey86bnHzKINvV0ldx9TrE3wh_yigpq4DIeYlpphE9cDfL1lkNuA0JQmFfNXPZaGiRG_Z09H-dVidmrUTOJ&amp;__tn__=*NK-y-R\" target=\"_blank\" rel=\"noopener\">#ProtagonistasDeNuestroTiempo<\/a> | Mar\u00eda Lidia y Jos\u00e9 Bolvito del caser\u00edo Pachalum, San Miguel Chicaj, Baja Verapaz, han mejorado su calidad de vida con la instalaci\u00f3n de energ\u00eda el\u00e9ctrica en su comunidad y con el aporte social de la tarifa el\u00e9ctrica ahorran hasta un 15% en el pago.<\/p>\n","protected":false},"excerpt":{"rendered":"<p>#ProtagonistasDeNuestroTiempo | Mar\u00eda Lidia y Jos\u00e9 Bolvito del caser\u00edo Pachalum, San Miguel Chicaj, Baja Verapaz, han mejorado su calidad de vida con la instalaci\u00f3n de energ\u00eda el\u00e9ctrica en su comunidad y con el aporte social de la tarifa el\u00e9ctrica ahorran hasta un 15% en el pago.<\/p>\n","protected":false},"author":1,"featured_media":15552,"comment_status":"closed","ping_status":"open","sticky":false,"template":"","format":"video","meta":[],"categories":[201],"tags":[178],"_links":{"self":[{"href":"https:\/\/gobernacionaltaverapaz.gob.gt\/index.php?rest_route=\/wp\/v2\/posts\/15551"}],"collection":[{"href":"https:\/\/gobernacionaltaverapaz.gob.gt\/index.php?rest_route=\/wp\/v2\/posts"}],"about":[{"href":"https:\/\/gobernacionaltaverapaz.gob.gt\/index.php?rest_route=\/wp\/v2\/types\/post"}],"author":[{"embeddable":true,"href":"https:\/\/gobernacionaltaverapaz.gob.gt\/index.php?rest_route=\/wp\/v2\/users\/1"}],"replies":[{"embeddable":true,"href":"https:\/\/gobernacionaltaverapaz.gob.gt\/index.php?rest_route=%2Fwp%2Fv2%2Fcomments&post=15551"}],"version-history":[{"count":1,"href":"https:\/\/gobernacionaltaverapaz.gob.gt\/index.php?rest_route=\/wp\/v2\/posts\/15551\/revisions"}],"predecessor-version":[{"id":15554,"href":"https:\/\/gobernacionaltaverapaz.gob.gt\/index.php?rest_route=\/wp\/v2\/posts\/15551\/revisions\/15554"}],"wp:featuredmedia":[{"embeddable":true,"href":"https:\/\/gobernacionaltaverapaz.gob.gt\/index.php?rest_route=\/wp\/v2\/media\/15552"}],"wp:attachment":[{"href":"https:\/\/gobernacionaltaverapaz.gob.gt\/index.php?rest_route=%2Fwp%2Fv2%2Fmedia&parent=15551"}],"wp:term":[{"taxonomy":"category","embeddable":true,"href":"https:\/\/gobernacionaltaverapaz.gob.gt\/index.php?rest_route=%2Fwp%2Fv2%2Fcategories&post=15551"},{"taxonomy":"post_tag","embeddable":true,"href":"https:\/\/gobernacionaltaverapaz.gob.gt\/index.php?rest_route=%2Fwp%2Fv2%2Ftags&post=15551"}],"curies":[{"name":"wp","href":"https:\/\/api.w.org\/{rel}","templated":true}]}}