{"id":15567,"date":"2023-07-06T12:00:27","date_gmt":"2023-07-06T18:00:27","guid":{"rendered":"https:\/\/gobernacionaltaverapaz.gob.gt\/?p=15567"},"modified":"2023-07-31T11:55:50","modified_gmt":"2023-07-31T17:55:50","slug":"viceministro-de-recursos-naturales-y-cambio-climatico-hector-espinoza-participo-en-la-sesion-del-concejo-municipal-de-quetzaltenango","status":"publish","type":"post","link":"https:\/\/gobernacionaltaverapaz.gob.gt\/?p=15567","title":{"rendered":"Viceministro de Recursos Naturales y Cambio Clim\u00e1tico, H\u00e9ctor Espinoza, particip\u00f3 en la sesi\u00f3n del Concejo Municipal de Quetzaltenango"},"content":{"rendered":"<p style=\"text-align: justify;\"><a href=\"https:\/\/www.facebook.com\/hashtag\/somosmarn?__eep__=6&amp;__cft__[0]=AZURyIS3IZdQVcF0deqgF6JBG3sc4ADpRV9G9ZJx-agwWutHWiJJlZatmW3Fi7hlUQ0PJ7PPAF4vevXKBxqB4jthUjObXnc9Ild45pWfeVFd2wIH50z1knNNHvg8r9Grzzh83XCWiKu7BTDBohiQ62v9zDhurwrOGRE4df5xtYiK-6yJQdrn1XHapUiWXHBpxQMK_qTPsNNSXqv-5EBwFt7S&amp;__tn__=*NK-y-R\" target=\"_blank\" rel=\"noopener\">#SomosMARN<\/a> | El Viceministro de Recursos Naturales y Cambio Clim\u00e1tico, H\u00e9ctor Espinoza, particip\u00f3 en la sesi\u00f3n del Concejo Municipal de Quetzaltenango, la cual se centr\u00f3 en el manejo integral de residuos s\u00f3lidos que se aplica en el municipio.<\/p>\n<p style=\"text-align: justify;\">Esta reuni\u00f3n se llev\u00f3 a cabo previo a una visita de campo que se realizar\u00e1 en el Sitio de Disposici\u00f3n Final en el municipio de Quetzaltenango.<\/p>\n<p><a href=\"https:\/\/www.facebook.com\/MunicipalidadXela?__cft__[0]=AZURyIS3IZdQVcF0deqgF6JBG3sc4ADpRV9G9ZJx-agwWutHWiJJlZatmW3Fi7hlUQ0PJ7PPAF4vevXKBxqB4jthUjObXnc9Ild45pWfeVFd2wIH50z1knNNHvg8r9Grzzh83XCWiKu7BTDBohiQ62v9zDhurwrOGRE4df5xtYiK-6yJQdrn1XHapUiWXHBpxQMK_qTPsNNSXqv-5EBwFt7S&amp;__tn__=-]K-y-R\" target=\"_blank\" rel=\"noopener\">Municipalidad de Quetzaltenango<\/a><\/p>\n<p><img decoding=\"async\" loading=\"lazy\" class=\"alignnone size-full wp-image-15570\" src=\"https:\/\/gobernacionaltaverapaz.gob.gt\/wp-content\/uploads\/2023\/07\/003-18.jpg\" alt=\"\" width=\"900\" height=\"506\" srcset=\"https:\/\/gobernacionaltaverapaz.gob.gt\/wp-content\/uploads\/2023\/07\/003-18.jpg 900w, https:\/\/gobernacionaltaverapaz.gob.gt\/wp-content\/uploads\/2023\/07\/003-18-300x169.jpg 300w, https:\/\/gobernacionaltaverapaz.gob.gt\/wp-content\/uploads\/2023\/07\/003-18-768x432.jpg 768w\" sizes=\"(max-width: 900px) 100vw, 900px\" \/> <img decoding=\"async\" loading=\"lazy\" class=\"alignnone size-full wp-image-15569\" src=\"https:\/\/gobernacionaltaverapaz.gob.gt\/wp-content\/uploads\/2023\/07\/002-39.jpg\" alt=\"\" width=\"900\" height=\"719\" srcset=\"https:\/\/gobernacionaltaverapaz.gob.gt\/wp-content\/uploads\/2023\/07\/002-39.jpg 900w, https:\/\/gobernacionaltaverapaz.gob.gt\/wp-content\/uploads\/2023\/07\/002-39-300x240.jpg 300w, https:\/\/gobernacionaltaverapaz.gob.gt\/wp-content\/uploads\/2023\/07\/002-39-768x614.jpg 768w\" sizes=\"(max-width: 900px) 100vw, 900px\" \/><\/p>\n<p>&nbsp;<\/p>\n","protected":false},"excerpt":{"rendered":"<p>#SomosMARN | El Viceministro de Recursos Naturales y Cambio Clim\u00e1tico, H\u00e9ctor Espinoza, particip\u00f3 en la sesi\u00f3n del Concejo Municipal de Quetzaltenango, la cual se centr\u00f3 en el manejo integral de residuos s\u00f3lidos que se aplica en el municipio. Esta reuni\u00f3n se llev\u00f3 a cabo previo a una visita de campo que se realizar\u00e1 en el [&hellip;]<\/p>\n","protected":false},"author":1,"featured_media":15568,"comment_status":"closed","ping_status":"open","sticky":false,"template":"","format":"standard","meta":[],"categories":[6],"tags":[178],"_links":{"self":[{"href":"https:\/\/gobernacionaltaverapaz.gob.gt\/index.php?rest_route=\/wp\/v2\/posts\/15567"}],"collection":[{"href":"https:\/\/gobernacionaltaverapaz.gob.gt\/index.php?rest_route=\/wp\/v2\/posts"}],"about":[{"href":"https:\/\/gobernacionaltaverapaz.gob.gt\/index.php?rest_route=\/wp\/v2\/types\/post"}],"author":[{"embeddable":true,"href":"https:\/\/gobernacionaltaverapaz.gob.gt\/index.php?rest_route=\/wp\/v2\/users\/1"}],"replies":[{"embeddable":true,"href":"https:\/\/gobernacionaltaverapaz.gob.gt\/index.php?rest_route=%2Fwp%2Fv2%2Fcomments&post=15567"}],"version-history":[{"count":2,"href":"https:\/\/gobernacionaltaverapaz.gob.gt\/index.php?rest_route=\/wp\/v2\/posts\/15567\/revisions"}],"predecessor-version":[{"id":15572,"href":"https:\/\/gobernacionaltaverapaz.gob.gt\/index.php?rest_route=\/wp\/v2\/posts\/15567\/revisions\/15572"}],"wp:featuredmedia":[{"embeddable":true,"href":"https:\/\/gobernacionaltaverapaz.gob.gt\/index.php?rest_route=\/wp\/v2\/media\/15568"}],"wp:attachment":[{"href":"https:\/\/gobernacionaltaverapaz.gob.gt\/index.php?rest_route=%2Fwp%2Fv2%2Fmedia&parent=15567"}],"wp:term":[{"taxonomy":"category","embeddable":true,"href":"https:\/\/gobernacionaltaverapaz.gob.gt\/index.php?rest_route=%2Fwp%2Fv2%2Fcategories&post=15567"},{"taxonomy":"post_tag","embeddable":true,"href":"https:\/\/gobernacionaltaverapaz.gob.gt\/index.php?rest_route=%2Fwp%2Fv2%2Ftags&post=15567"}],"curies":[{"name":"wp","href":"https:\/\/api.w.org\/{rel}","templated":true}]}}