{"id":15581,"date":"2023-07-06T13:30:39","date_gmt":"2023-07-06T19:30:39","guid":{"rendered":"https:\/\/gobernacionaltaverapaz.gob.gt\/?p=15581"},"modified":"2023-07-31T12:28:29","modified_gmt":"2023-07-31T18:28:29","slug":"15581","status":"publish","type":"post","link":"https:\/\/gobernacionaltaverapaz.gob.gt\/?p=15581","title":{"rendered":"Rendici\u00f3n de Cuentas 2023"},"content":{"rendered":"<p><a href=\"https:\/\/www.facebook.com\/MinfinGT\/videos\/638216811350971\" target=\"_blank\" rel=\"noopener\"><img decoding=\"async\" loading=\"lazy\" class=\"alignnone wp-image-15583 size-full\" title=\"Ver video\" src=\"https:\/\/gobernacionaltaverapaz.gob.gt\/wp-content\/uploads\/2023\/07\/002-41.jpg\" alt=\"\" width=\"900\" height=\"600\" srcset=\"https:\/\/gobernacionaltaverapaz.gob.gt\/wp-content\/uploads\/2023\/07\/002-41.jpg 900w, https:\/\/gobernacionaltaverapaz.gob.gt\/wp-content\/uploads\/2023\/07\/002-41-300x200.jpg 300w, https:\/\/gobernacionaltaverapaz.gob.gt\/wp-content\/uploads\/2023\/07\/002-41-768x512.jpg 768w\" sizes=\"(max-width: 900px) 100vw, 900px\" \/><\/a><\/p>\n<p style=\"text-align: justify;\"><a href=\"https:\/\/www.facebook.com\/watch\/hashtag\/gesti%C3%B3nminfin?__eep__=6%2F&amp;__cft__[0]=AZUeyEJZGPu4N9tCfnMwND7kHbo_cBDUs1Tjb2riknZOIE2rcGE-BRH9ge7pFVJI_r7SQd6kC3edVhvyt1LziNMTFvSXgApo1SseyTPGkl2MH4QEZ22yJDatV2273JxqgbVT2-n8KKpqyaoD1PDd0T2o3rPru36dx2BbToKjMixwTOyLYVPpndDvQPszXni6rQRl8YlR7F7eb10pr3ppE7UM&amp;__tn__=*NK-R\" target=\"_blank\" rel=\"noopener\">#Gesti\u00f3nMinfin<\/a> | El Ministro de Finanzas P\u00fablicas comparte los avances de los principales indicadores macroecon\u00f3micos y fiscales en Guatemala durante el primer cuatrimestre del 2023.<\/p>\n<p><a href=\"https:\/\/www.facebook.com\/watch\/hashtag\/irendici%C3%B3ndecuentasgt2023?__eep__=6%2F&amp;__cft__[0]=AZUeyEJZGPu4N9tCfnMwND7kHbo_cBDUs1Tjb2riknZOIE2rcGE-BRH9ge7pFVJI_r7SQd6kC3edVhvyt1LziNMTFvSXgApo1SseyTPGkl2MH4QEZ22yJDatV2273JxqgbVT2-n8KKpqyaoD1PDd0T2o3rPru36dx2BbToKjMixwTOyLYVPpndDvQPszXni6rQRl8YlR7F7eb10pr3ppE7UM&amp;__tn__=*NK-R\" target=\"_blank\" rel=\"noopener\">#IRendici\u00f3nDeCuentasGT2023<\/a><br \/>\n<a href=\"https:\/\/www.facebook.com\/watch\/hashtag\/cumpli%C3%A9ndoleaguate?__eep__=6%2F&amp;__cft__[0]=AZUeyEJZGPu4N9tCfnMwND7kHbo_cBDUs1Tjb2riknZOIE2rcGE-BRH9ge7pFVJI_r7SQd6kC3edVhvyt1LziNMTFvSXgApo1SseyTPGkl2MH4QEZ22yJDatV2273JxqgbVT2-n8KKpqyaoD1PDd0T2o3rPru36dx2BbToKjMixwTOyLYVPpndDvQPszXni6rQRl8YlR7F7eb10pr3ppE7UM&amp;__tn__=*NK-R\" target=\"_blank\" rel=\"noopener\">#Cumpli\u00e9ndoleAGuate<\/a><\/p>\n","protected":false},"excerpt":{"rendered":"<p>#Gesti\u00f3nMinfin | El Ministro de Finanzas P\u00fablicas comparte los avances de los principales indicadores macroecon\u00f3micos y fiscales en Guatemala durante el primer cuatrimestre del 2023. #IRendici\u00f3nDeCuentasGT2023 #Cumpli\u00e9ndoleAGuate<\/p>\n","protected":false},"author":1,"featured_media":15582,"comment_status":"closed","ping_status":"open","sticky":false,"template":"","format":"video","meta":[],"categories":[205],"tags":[178],"_links":{"self":[{"href":"https:\/\/gobernacionaltaverapaz.gob.gt\/index.php?rest_route=\/wp\/v2\/posts\/15581"}],"collection":[{"href":"https:\/\/gobernacionaltaverapaz.gob.gt\/index.php?rest_route=\/wp\/v2\/posts"}],"about":[{"href":"https:\/\/gobernacionaltaverapaz.gob.gt\/index.php?rest_route=\/wp\/v2\/types\/post"}],"author":[{"embeddable":true,"href":"https:\/\/gobernacionaltaverapaz.gob.gt\/index.php?rest_route=\/wp\/v2\/users\/1"}],"replies":[{"embeddable":true,"href":"https:\/\/gobernacionaltaverapaz.gob.gt\/index.php?rest_route=%2Fwp%2Fv2%2Fcomments&post=15581"}],"version-history":[{"count":2,"href":"https:\/\/gobernacionaltaverapaz.gob.gt\/index.php?rest_route=\/wp\/v2\/posts\/15581\/revisions"}],"predecessor-version":[{"id":15585,"href":"https:\/\/gobernacionaltaverapaz.gob.gt\/index.php?rest_route=\/wp\/v2\/posts\/15581\/revisions\/15585"}],"wp:featuredmedia":[{"embeddable":true,"href":"https:\/\/gobernacionaltaverapaz.gob.gt\/index.php?rest_route=\/wp\/v2\/media\/15582"}],"wp:attachment":[{"href":"https:\/\/gobernacionaltaverapaz.gob.gt\/index.php?rest_route=%2Fwp%2Fv2%2Fmedia&parent=15581"}],"wp:term":[{"taxonomy":"category","embeddable":true,"href":"https:\/\/gobernacionaltaverapaz.gob.gt\/index.php?rest_route=%2Fwp%2Fv2%2Fcategories&post=15581"},{"taxonomy":"post_tag","embeddable":true,"href":"https:\/\/gobernacionaltaverapaz.gob.gt\/index.php?rest_route=%2Fwp%2Fv2%2Ftags&post=15581"}],"curies":[{"name":"wp","href":"https:\/\/api.w.org\/{rel}","templated":true}]}}