{"id":15592,"date":"2023-07-06T18:54:58","date_gmt":"2023-07-07T00:54:58","guid":{"rendered":"https:\/\/gobernacionaltaverapaz.gob.gt\/?p=15592"},"modified":"2023-07-31T15:40:34","modified_gmt":"2023-07-31T21:40:34","slug":"mspas-comparte-este-6-de-julio-de-2023-los-casos-confirmados-por-laboratorio-en-el-tablero-situacion-covid-19-en-guatemala","status":"publish","type":"post","link":"https:\/\/gobernacionaltaverapaz.gob.gt\/?p=15592","title":{"rendered":"Situaci\u00f3n de COVID-19 en Guatemala"},"content":{"rendered":"<p style=\"text-align: justify;\"><a href=\"https:\/\/www.facebook.com\/hashtag\/actualizaci%C3%B3n?__eep__=6&amp;__cft__[0]=AZUHRHB8_-Y7RmfWuX6NtGpqWR8wJFpB-Z4B-qPksHSCW28FscFFe8T5c-bs16OkODzStWkaFDeqyjfA4a4L0JBMWHE5a2t8sxd908kOypNw9TXG_I8NTnKmE5OH2zp8nWV9481CwAws7hJlPmNK-dpVfwnD4VZ48fVWSdUwnDUUcYvAnS__7rGCFQuztTNM-ftEXbDeAj6Cy8OZnkliXtQr&amp;__tn__=*NK-y-R\" target=\"_blank\" rel=\"noopener\">#Actualizaci\u00f3n<\/a> | <a href=\"https:\/\/www.facebook.com\/hashtag\/mspas?__eep__=6&amp;__cft__[0]=AZUHRHB8_-Y7RmfWuX6NtGpqWR8wJFpB-Z4B-qPksHSCW28FscFFe8T5c-bs16OkODzStWkaFDeqyjfA4a4L0JBMWHE5a2t8sxd908kOypNw9TXG_I8NTnKmE5OH2zp8nWV9481CwAws7hJlPmNK-dpVfwnD4VZ48fVWSdUwnDUUcYvAnS__7rGCFQuztTNM-ftEXbDeAj6Cy8OZnkliXtQr&amp;__tn__=*NK-y-R\" target=\"_blank\" rel=\"noopener\">MSPAS<\/a> comparte este 6 de julio de 2023 los casos confirmados por laboratorio en el tablero Situaci\u00f3n <a href=\"https:\/\/www.facebook.com\/hashtag\/covid19?__eep__=6&amp;__cft__[0]=AZUHRHB8_-Y7RmfWuX6NtGpqWR8wJFpB-Z4B-qPksHSCW28FscFFe8T5c-bs16OkODzStWkaFDeqyjfA4a4L0JBMWHE5a2t8sxd908kOypNw9TXG_I8NTnKmE5OH2zp8nWV9481CwAws7hJlPmNK-dpVfwnD4VZ48fVWSdUwnDUUcYvAnS__7rGCFQuztTNM-ftEXbDeAj6Cy8OZnkliXtQr&amp;__tn__=*NK-y-R\" target=\"_blank\" rel=\"noopener\">COVID-19<\/a> en Guatemala.<\/p>\n<p style=\"text-align: justify;\">\u00a0Corresponde al 5 de julio de 2023 de 00:00 a 23:59 horas.<\/p>\n<p style=\"text-align: justify;\">Ingrese a: <a href=\"https:\/\/mspas.gob.gt\/\" target=\"_blank\" rel=\"noopener\">mspas.gob.gt<\/a><\/p>\n<p style=\"text-align: justify;\">En el tablero <a href=\"https:\/\/www.facebook.com\/hashtag\/covid19?__eep__=6&amp;__cft__[0]=AZUHRHB8_-Y7RmfWuX6NtGpqWR8wJFpB-Z4B-qPksHSCW28FscFFe8T5c-bs16OkODzStWkaFDeqyjfA4a4L0JBMWHE5a2t8sxd908kOypNw9TXG_I8NTnKmE5OH2zp8nWV9481CwAws7hJlPmNK-dpVfwnD4VZ48fVWSdUwnDUUcYvAnS__7rGCFQuztTNM-ftEXbDeAj6Cy8OZnkliXtQr&amp;__tn__=*NK-y-R\" target=\"_blank\" rel=\"noopener\">COVID-19<\/a> los fallecidos reportados el d\u00eda anterior se visualizan por la fecha de defunci\u00f3n. Estos suelen reportarse d\u00edas despu\u00e9s de su defunci\u00f3n por el tiempo de investigaci\u00f3n individualizado y el proceso de notificaci\u00f3n de las unidades de salud.<\/p>\n<p><img decoding=\"async\" loading=\"lazy\" class=\"size-full wp-image-15593 aligncenter\" src=\"https:\/\/gobernacionaltaverapaz.gob.gt\/wp-content\/uploads\/2023\/07\/001-49.jpg\" alt=\"\" width=\"900\" height=\"900\" srcset=\"https:\/\/gobernacionaltaverapaz.gob.gt\/wp-content\/uploads\/2023\/07\/001-49.jpg 900w, https:\/\/gobernacionaltaverapaz.gob.gt\/wp-content\/uploads\/2023\/07\/001-49-300x300.jpg 300w, https:\/\/gobernacionaltaverapaz.gob.gt\/wp-content\/uploads\/2023\/07\/001-49-150x150.jpg 150w, https:\/\/gobernacionaltaverapaz.gob.gt\/wp-content\/uploads\/2023\/07\/001-49-768x768.jpg 768w, https:\/\/gobernacionaltaverapaz.gob.gt\/wp-content\/uploads\/2023\/07\/001-49-80x80.jpg 80w\" sizes=\"(max-width: 900px) 100vw, 900px\" \/> <img decoding=\"async\" loading=\"lazy\" class=\"size-large wp-image-15594 aligncenter\" src=\"https:\/\/gobernacionaltaverapaz.gob.gt\/wp-content\/uploads\/2023\/07\/002-43.jpg\" alt=\"\" width=\"740\" height=\"740\" srcset=\"https:\/\/gobernacionaltaverapaz.gob.gt\/wp-content\/uploads\/2023\/07\/002-43.jpg 900w, https:\/\/gobernacionaltaverapaz.gob.gt\/wp-content\/uploads\/2023\/07\/002-43-300x300.jpg 300w, https:\/\/gobernacionaltaverapaz.gob.gt\/wp-content\/uploads\/2023\/07\/002-43-150x150.jpg 150w, https:\/\/gobernacionaltaverapaz.gob.gt\/wp-content\/uploads\/2023\/07\/002-43-768x768.jpg 768w, https:\/\/gobernacionaltaverapaz.gob.gt\/wp-content\/uploads\/2023\/07\/002-43-80x80.jpg 80w\" sizes=\"(max-width: 740px) 100vw, 740px\" \/><\/p>\n","protected":false},"excerpt":{"rendered":"<p>#Actualizaci\u00f3n | MSPAS comparte este 6 de julio de 2023 los casos confirmados por laboratorio en el tablero Situaci\u00f3n COVID-19 en Guatemala. \u00a0Corresponde al 5 de julio de 2023 de 00:00 a 23:59 horas. Ingrese a: mspas.gob.gt En el tablero COVID-19 los fallecidos reportados el d\u00eda anterior se visualizan por la fecha de defunci\u00f3n. Estos [&hellip;]<\/p>\n","protected":false},"author":1,"featured_media":15593,"comment_status":"closed","ping_status":"open","sticky":false,"template":"","format":"standard","meta":[],"categories":[5],"tags":[178],"_links":{"self":[{"href":"https:\/\/gobernacionaltaverapaz.gob.gt\/index.php?rest_route=\/wp\/v2\/posts\/15592"}],"collection":[{"href":"https:\/\/gobernacionaltaverapaz.gob.gt\/index.php?rest_route=\/wp\/v2\/posts"}],"about":[{"href":"https:\/\/gobernacionaltaverapaz.gob.gt\/index.php?rest_route=\/wp\/v2\/types\/post"}],"author":[{"embeddable":true,"href":"https:\/\/gobernacionaltaverapaz.gob.gt\/index.php?rest_route=\/wp\/v2\/users\/1"}],"replies":[{"embeddable":true,"href":"https:\/\/gobernacionaltaverapaz.gob.gt\/index.php?rest_route=%2Fwp%2Fv2%2Fcomments&post=15592"}],"version-history":[{"count":3,"href":"https:\/\/gobernacionaltaverapaz.gob.gt\/index.php?rest_route=\/wp\/v2\/posts\/15592\/revisions"}],"predecessor-version":[{"id":15597,"href":"https:\/\/gobernacionaltaverapaz.gob.gt\/index.php?rest_route=\/wp\/v2\/posts\/15592\/revisions\/15597"}],"wp:featuredmedia":[{"embeddable":true,"href":"https:\/\/gobernacionaltaverapaz.gob.gt\/index.php?rest_route=\/wp\/v2\/media\/15593"}],"wp:attachment":[{"href":"https:\/\/gobernacionaltaverapaz.gob.gt\/index.php?rest_route=%2Fwp%2Fv2%2Fmedia&parent=15592"}],"wp:term":[{"taxonomy":"category","embeddable":true,"href":"https:\/\/gobernacionaltaverapaz.gob.gt\/index.php?rest_route=%2Fwp%2Fv2%2Fcategories&post=15592"},{"taxonomy":"post_tag","embeddable":true,"href":"https:\/\/gobernacionaltaverapaz.gob.gt\/index.php?rest_route=%2Fwp%2Fv2%2Ftags&post=15592"}],"curies":[{"name":"wp","href":"https:\/\/api.w.org\/{rel}","templated":true}]}}