{"id":15603,"date":"2023-07-09T22:38:33","date_gmt":"2023-07-10T04:38:33","guid":{"rendered":"https:\/\/gobernacionaltaverapaz.gob.gt\/?p=15603"},"modified":"2023-07-31T16:12:41","modified_gmt":"2023-07-31T22:12:41","slug":"productor-agricola","status":"publish","type":"post","link":"https:\/\/gobernacionaltaverapaz.gob.gt\/?p=15603","title":{"rendered":"Productor agr\u00edcola"},"content":{"rendered":"<p><a href=\"https:\/\/www.facebook.com\/guatemalagob\/videos\/279273938018885\" target=\"_blank\" rel=\"noopener\"><img decoding=\"async\" loading=\"lazy\" class=\"alignnone wp-image-15605 size-full\" title=\"Ver video\" src=\"https:\/\/gobernacionaltaverapaz.gob.gt\/wp-content\/uploads\/2023\/07\/002-45.jpg\" alt=\"\" width=\"900\" height=\"600\" srcset=\"https:\/\/gobernacionaltaverapaz.gob.gt\/wp-content\/uploads\/2023\/07\/002-45.jpg 900w, https:\/\/gobernacionaltaverapaz.gob.gt\/wp-content\/uploads\/2023\/07\/002-45-300x200.jpg 300w, https:\/\/gobernacionaltaverapaz.gob.gt\/wp-content\/uploads\/2023\/07\/002-45-768x512.jpg 768w\" sizes=\"(max-width: 900px) 100vw, 900px\" \/><\/a><\/p>\n<p style=\"text-align: justify;\"><a href=\"https:\/\/www.facebook.com\/hashtag\/protagonistasdenuestrotiempo?__eep__=6&amp;__cft__[0]=AZWv_xeefXrDnpJfgCGILsuBYia1q5fY6_e7mcqofBGD-_etEXQUCzA71lqCo6t0q6aHNJQnx6OwBBNYn4W0WT6ypEB15ftpEZyum8V-hb18ROE0Tjgak4wCU06E-Dc0i1v_z6BP9ANCkxUcLD6mRPWwGcHy_o9Xpq5XSnlVyRXDPjjMMlqkBCIbSaZgdeaPvi_q2Yi21ygJllHJEAepjkFj&amp;__tn__=*NK-y-R\" target=\"_blank\" rel=\"noopener\">#ProtagonistasDeNuestroTiempo<\/a> | Productor agr\u00edcola<\/p>\n<p style=\"text-align: justify;\">Jorge Ortega se dedica a la producci\u00f3n de hortalizas y gracias al apoyo del Ministerio de Agricultura, Ganader\u00eda y Alimentaci\u00f3n mejor\u00f3 la calidad de su cosecha.<\/p>\n<p style=\"text-align: justify;\">Ahora forma parte del Programa <a href=\"https:\/\/www.facebook.com\/hashtag\/alimentaci%C3%B3nescolar?__eep__=6&amp;__cft__[0]=AZWv_xeefXrDnpJfgCGILsuBYia1q5fY6_e7mcqofBGD-_etEXQUCzA71lqCo6t0q6aHNJQnx6OwBBNYn4W0WT6ypEB15ftpEZyum8V-hb18ROE0Tjgak4wCU06E-Dc0i1v_z6BP9ANCkxUcLD6mRPWwGcHy_o9Xpq5XSnlVyRXDPjjMMlqkBCIbSaZgdeaPvi_q2Yi21ygJllHJEAepjkFj&amp;__tn__=*NK-y-R\" target=\"_blank\" rel=\"noopener\">#Alimentaci\u00f3nEscolar<\/a> comercializando sus productos y fortaleciendo la seguridad alimentaria. <a href=\"https:\/\/www.facebook.com\/hashtag\/protagonistasdenuestrotiempo?__eep__=6&amp;__cft__[0]=AZWv_xeefXrDnpJfgCGILsuBYia1q5fY6_e7mcqofBGD-_etEXQUCzA71lqCo6t0q6aHNJQnx6OwBBNYn4W0WT6ypEB15ftpEZyum8V-hb18ROE0Tjgak4wCU06E-Dc0i1v_z6BP9ANCkxUcLD6mRPWwGcHy_o9Xpq5XSnlVyRXDPjjMMlqkBCIbSaZgdeaPvi_q2Yi21ygJllHJEAepjkFj&amp;__tn__=*NK-y-R\" target=\"_blank\" rel=\"noopener\">#ProtagonistasDeNuestroTiempo<\/a><\/p>\n","protected":false},"excerpt":{"rendered":"<p>#ProtagonistasDeNuestroTiempo | Productor agr\u00edcola Jorge Ortega se dedica a la producci\u00f3n de hortalizas y gracias al apoyo del Ministerio de Agricultura, Ganader\u00eda y Alimentaci\u00f3n mejor\u00f3 la calidad de su cosecha. Ahora forma parte del Programa #Alimentaci\u00f3nEscolar comercializando sus productos y fortaleciendo la seguridad alimentaria. #ProtagonistasDeNuestroTiempo<\/p>\n","protected":false},"author":1,"featured_media":15604,"comment_status":"closed","ping_status":"open","sticky":false,"template":"","format":"video","meta":[],"categories":[7,202],"tags":[178],"_links":{"self":[{"href":"https:\/\/gobernacionaltaverapaz.gob.gt\/index.php?rest_route=\/wp\/v2\/posts\/15603"}],"collection":[{"href":"https:\/\/gobernacionaltaverapaz.gob.gt\/index.php?rest_route=\/wp\/v2\/posts"}],"about":[{"href":"https:\/\/gobernacionaltaverapaz.gob.gt\/index.php?rest_route=\/wp\/v2\/types\/post"}],"author":[{"embeddable":true,"href":"https:\/\/gobernacionaltaverapaz.gob.gt\/index.php?rest_route=\/wp\/v2\/users\/1"}],"replies":[{"embeddable":true,"href":"https:\/\/gobernacionaltaverapaz.gob.gt\/index.php?rest_route=%2Fwp%2Fv2%2Fcomments&post=15603"}],"version-history":[{"count":1,"href":"https:\/\/gobernacionaltaverapaz.gob.gt\/index.php?rest_route=\/wp\/v2\/posts\/15603\/revisions"}],"predecessor-version":[{"id":15606,"href":"https:\/\/gobernacionaltaverapaz.gob.gt\/index.php?rest_route=\/wp\/v2\/posts\/15603\/revisions\/15606"}],"wp:featuredmedia":[{"embeddable":true,"href":"https:\/\/gobernacionaltaverapaz.gob.gt\/index.php?rest_route=\/wp\/v2\/media\/15604"}],"wp:attachment":[{"href":"https:\/\/gobernacionaltaverapaz.gob.gt\/index.php?rest_route=%2Fwp%2Fv2%2Fmedia&parent=15603"}],"wp:term":[{"taxonomy":"category","embeddable":true,"href":"https:\/\/gobernacionaltaverapaz.gob.gt\/index.php?rest_route=%2Fwp%2Fv2%2Fcategories&post=15603"},{"taxonomy":"post_tag","embeddable":true,"href":"https:\/\/gobernacionaltaverapaz.gob.gt\/index.php?rest_route=%2Fwp%2Fv2%2Ftags&post=15603"}],"curies":[{"name":"wp","href":"https:\/\/api.w.org\/{rel}","templated":true}]}}