{"id":15608,"date":"2023-07-10T11:00:29","date_gmt":"2023-07-10T17:00:29","guid":{"rendered":"https:\/\/gobernacionaltaverapaz.gob.gt\/?p=15608"},"modified":"2023-07-31T16:35:14","modified_gmt":"2023-07-31T22:35:14","slug":"manana-recreativa-con-juegos-tradicionales-dirigida-a-ninos-y-pobladores-de-la-localidad","status":"publish","type":"post","link":"https:\/\/gobernacionaltaverapaz.gob.gt\/?p=15608","title":{"rendered":"Ma\u00f1ana recreativa con juegos tradicionales dirigida a ni\u00f1os y pobladores de la localidad"},"content":{"rendered":"<p style=\"text-align: justify;\">Casa de Desarrollo Cultural guatemalteco de Flores, Pet\u00e9n, realiz\u00f3 una ma\u00f1ana recreativa con juegos tradicionales dirigida a ni\u00f1os y pobladores de la localidad<\/p>\n<p style=\"text-align: justify;\">La Casa de Desarrollo Cultural guatemalteco de Flores, Pet\u00e9n, realiz\u00f3 una ma\u00f1ana recreativa con juegos tradicionales dirigida a ni\u00f1os y pobladores de la localidad. La actividad se desarroll\u00f3 en el Museo Regional Mundo Maya.<\/p>\n<p><a href=\"https:\/\/www.facebook.com\/hashtag\/culturamotordesarrollogt?__eep__=6&amp;__cft__[0]=AZWR123blulpqm_52WbgrEi0T-cdIK48zXdaxxn0HwrYdfLkh1dl3McCcbhNI27irBpJF2yJN0ZXLCLkg6CYJKydX0eFcZUIDEjgbtJ0IvcLDkKKsMKtI0tArfNxJrcu9JcXVylYGDXO0BFYn7Ps5OgggGUrnNIf2SO-5gH7Ho_JY03ajKucXVGdlc0gHwNYn1d_xOk8f-6cVhiahpt-1HNu&amp;__tn__=*NK-y-R\" target=\"_blank\" rel=\"noopener\">#CulturaMotorDesarrolloGT<\/a><br \/>\n<a href=\"https:\/\/www.facebook.com\/hashtag\/3mila%C3%B1osriquezaculturalgt?__eep__=6&amp;__cft__[0]=AZWR123blulpqm_52WbgrEi0T-cdIK48zXdaxxn0HwrYdfLkh1dl3McCcbhNI27irBpJF2yJN0ZXLCLkg6CYJKydX0eFcZUIDEjgbtJ0IvcLDkKKsMKtI0tArfNxJrcu9JcXVylYGDXO0BFYn7Ps5OgggGUrnNIf2SO-5gH7Ho_JY03ajKucXVGdlc0gHwNYn1d_xOk8f-6cVhiahpt-1HNu&amp;__tn__=*NK-y-R\" target=\"_blank\" rel=\"noopener\">#3milA\u00f1osRiquezaCulturalGT<\/a><br \/>\n<a href=\"https:\/\/www.facebook.com\/hashtag\/culturaguate?__eep__=6&amp;__cft__[0]=AZWR123blulpqm_52WbgrEi0T-cdIK48zXdaxxn0HwrYdfLkh1dl3McCcbhNI27irBpJF2yJN0ZXLCLkg6CYJKydX0eFcZUIDEjgbtJ0IvcLDkKKsMKtI0tArfNxJrcu9JcXVylYGDXO0BFYn7Ps5OgggGUrnNIf2SO-5gH7Ho_JY03ajKucXVGdlc0gHwNYn1d_xOk8f-6cVhiahpt-1HNu&amp;__tn__=*NK-y-R\" target=\"_blank\" rel=\"noopener\">#culturaGUATE<\/a><\/p>\n<div><\/div>\n","protected":false},"excerpt":{"rendered":"<p>La actividad se desarroll\u00f3 en el Museo Regional Mundo Maya.<\/p>\n","protected":false},"author":1,"featured_media":15611,"comment_status":"closed","ping_status":"open","sticky":false,"template":"","format":"gallery","meta":[],"categories":[2,177],"tags":[178],"_links":{"self":[{"href":"https:\/\/gobernacionaltaverapaz.gob.gt\/index.php?rest_route=\/wp\/v2\/posts\/15608"}],"collection":[{"href":"https:\/\/gobernacionaltaverapaz.gob.gt\/index.php?rest_route=\/wp\/v2\/posts"}],"about":[{"href":"https:\/\/gobernacionaltaverapaz.gob.gt\/index.php?rest_route=\/wp\/v2\/types\/post"}],"author":[{"embeddable":true,"href":"https:\/\/gobernacionaltaverapaz.gob.gt\/index.php?rest_route=\/wp\/v2\/users\/1"}],"replies":[{"embeddable":true,"href":"https:\/\/gobernacionaltaverapaz.gob.gt\/index.php?rest_route=%2Fwp%2Fv2%2Fcomments&post=15608"}],"version-history":[{"count":3,"href":"https:\/\/gobernacionaltaverapaz.gob.gt\/index.php?rest_route=\/wp\/v2\/posts\/15608\/revisions"}],"predecessor-version":[{"id":15615,"href":"https:\/\/gobernacionaltaverapaz.gob.gt\/index.php?rest_route=\/wp\/v2\/posts\/15608\/revisions\/15615"}],"wp:featuredmedia":[{"embeddable":true,"href":"https:\/\/gobernacionaltaverapaz.gob.gt\/index.php?rest_route=\/wp\/v2\/media\/15611"}],"wp:attachment":[{"href":"https:\/\/gobernacionaltaverapaz.gob.gt\/index.php?rest_route=%2Fwp%2Fv2%2Fmedia&parent=15608"}],"wp:term":[{"taxonomy":"category","embeddable":true,"href":"https:\/\/gobernacionaltaverapaz.gob.gt\/index.php?rest_route=%2Fwp%2Fv2%2Fcategories&post=15608"},{"taxonomy":"post_tag","embeddable":true,"href":"https:\/\/gobernacionaltaverapaz.gob.gt\/index.php?rest_route=%2Fwp%2Fv2%2Ftags&post=15608"}],"curies":[{"name":"wp","href":"https:\/\/api.w.org\/{rel}","templated":true}]}}