{"id":15622,"date":"2023-07-10T11:56:43","date_gmt":"2023-07-10T17:56:43","guid":{"rendered":"https:\/\/gobernacionaltaverapaz.gob.gt\/?p=15622"},"modified":"2023-08-01T08:54:49","modified_gmt":"2023-08-01T14:54:49","slug":"viceministro-de-ambiente-participo-en-la-conmemoracion-del-dia-nacional-de-la-produccion-mas-limpia","status":"publish","type":"post","link":"https:\/\/gobernacionaltaverapaz.gob.gt\/?p=15622","title":{"rendered":"Viceministro de Ambiente particip\u00f3 en la conmemoraci\u00f3n del D\u00eda Nacional de la Producci\u00f3n M\u00e1s Limpia"},"content":{"rendered":"<p style=\"text-align: justify;\"><a href=\"https:\/\/www.facebook.com\/hashtag\/somosmarn?__eep__=6&amp;__cft__[0]=AZUBZIF3Szc28_iqg-p6K7sMxQlif1NoWXYSaQ0iEUJXd_-OElm4VE3YuAOUvWcm1Q6BC4u05ikMnuIWxPDsgxUkTJwNiXucMs4KaVHMo1c0BfgOy9pAw3ozPo5jeLr5TRxt5yA4fsgA6a11CFz9KsdSlJgKH6kbzEBfRDFjyR-NIpHR76uGpsDRtXY6kMYfrzwE97MNnvmAEV8iXL6ubRHF&amp;__tn__=*NK-y-R\" target=\"_blank\" rel=\"noopener\">#SomosMARN<\/a> | El Viceministro de Ambiente, Esteban Piedrasanta particip\u00f3 en la conmemoraci\u00f3n del D\u00eda Nacional de la Producci\u00f3n M\u00e1s Limpia.<\/p>\n<p style=\"text-align: justify;\">Esta actividad reuni\u00f3 a distintos sectores para exponer y conocer las acciones que desarrolla el MARN y el pa\u00eds para un desarrollo amigable con el ambiente.<\/p>\n<div><\/div>\n","protected":false},"excerpt":{"rendered":"<p>#SomosMARN | El Viceministro de Ambiente, Esteban Piedrasanta particip\u00f3 en la conmemoraci\u00f3n del D\u00eda Nacional de la Producci\u00f3n M\u00e1s Limpia. Esta actividad reuni\u00f3 a distintos sectores para exponer y conocer las acciones que desarrolla el MARN y el pa\u00eds para un desarrollo amigable con el ambiente.<\/p>\n","protected":false},"author":1,"featured_media":15623,"comment_status":"closed","ping_status":"open","sticky":false,"template":"","format":"gallery","meta":[],"categories":[6],"tags":[178],"_links":{"self":[{"href":"https:\/\/gobernacionaltaverapaz.gob.gt\/index.php?rest_route=\/wp\/v2\/posts\/15622"}],"collection":[{"href":"https:\/\/gobernacionaltaverapaz.gob.gt\/index.php?rest_route=\/wp\/v2\/posts"}],"about":[{"href":"https:\/\/gobernacionaltaverapaz.gob.gt\/index.php?rest_route=\/wp\/v2\/types\/post"}],"author":[{"embeddable":true,"href":"https:\/\/gobernacionaltaverapaz.gob.gt\/index.php?rest_route=\/wp\/v2\/users\/1"}],"replies":[{"embeddable":true,"href":"https:\/\/gobernacionaltaverapaz.gob.gt\/index.php?rest_route=%2Fwp%2Fv2%2Fcomments&post=15622"}],"version-history":[{"count":2,"href":"https:\/\/gobernacionaltaverapaz.gob.gt\/index.php?rest_route=\/wp\/v2\/posts\/15622\/revisions"}],"predecessor-version":[{"id":15629,"href":"https:\/\/gobernacionaltaverapaz.gob.gt\/index.php?rest_route=\/wp\/v2\/posts\/15622\/revisions\/15629"}],"wp:featuredmedia":[{"embeddable":true,"href":"https:\/\/gobernacionaltaverapaz.gob.gt\/index.php?rest_route=\/wp\/v2\/media\/15623"}],"wp:attachment":[{"href":"https:\/\/gobernacionaltaverapaz.gob.gt\/index.php?rest_route=%2Fwp%2Fv2%2Fmedia&parent=15622"}],"wp:term":[{"taxonomy":"category","embeddable":true,"href":"https:\/\/gobernacionaltaverapaz.gob.gt\/index.php?rest_route=%2Fwp%2Fv2%2Fcategories&post=15622"},{"taxonomy":"post_tag","embeddable":true,"href":"https:\/\/gobernacionaltaverapaz.gob.gt\/index.php?rest_route=%2Fwp%2Fv2%2Ftags&post=15622"}],"curies":[{"name":"wp","href":"https:\/\/api.w.org\/{rel}","templated":true}]}}