{"id":15630,"date":"2023-07-10T16:00:29","date_gmt":"2023-07-10T22:00:29","guid":{"rendered":"https:\/\/gobernacionaltaverapaz.gob.gt\/?p=15630"},"modified":"2023-08-01T09:35:04","modified_gmt":"2023-08-01T15:35:04","slug":"bosque-de-manglar","status":"publish","type":"post","link":"https:\/\/gobernacionaltaverapaz.gob.gt\/?p=15630","title":{"rendered":"Bosque de Manglar Ocos, San Marcos"},"content":{"rendered":"<p style=\"text-align: justify;\">Las familias que viven en la comunidad 31 de Julio, en Oc\u00f3s, San Marcos, trabajan por conservar el medioambiente a trav\u00e9s de la reforestaci\u00f3n de mangle.<\/p>\n<p style=\"text-align: justify;\">Conoce la historia de Don Catalino que con esfuerzo ha logrado recuperar 24 hect\u00e1reas de mangle. <a href=\"https:\/\/www.facebook.com\/watch\/hashtag\/protagonistasdenuestrotiempo?__eep__=6%2F&amp;__cft__[0]=AZVK4jyAbncFHwRGd2JC1gpR23XqaXvL_yv6zsR3PTiVfxVzLNNEdaxwtjvkFmp2Sq-wZCNCqp8jsgxceH1hFrTRhCw2Pd9Kt3HvpI3eVQq9xxJWndMx9nQ7ZuYEnz4Mgqucy2lNE4mV8bp1WeEkXkZ2EZuxfjMWq0VqE8cA9eUu4BjC7bi_wpaWzWEdFQGsyt0FJJtEYeqpdTJFdL6R-MSv&amp;__tn__=*NK-R\" target=\"_blank\" rel=\"noopener\">#ProtagonistasDeNuestroTiempo<\/a>.<\/p>\n<p><a href=\"https:\/\/www.facebook.com\/guatemalagob\/videos\/3481035648892072\" target=\"_blank\" rel=\"noopener\"><img decoding=\"async\" loading=\"lazy\" class=\"alignnone wp-image-15632 size-full\" title=\"Ver video\" src=\"https:\/\/gobernacionaltaverapaz.gob.gt\/wp-content\/uploads\/2023\/08\/002-1.jpg\" alt=\"\" width=\"900\" height=\"600\" srcset=\"https:\/\/gobernacionaltaverapaz.gob.gt\/wp-content\/uploads\/2023\/08\/002-1.jpg 900w, https:\/\/gobernacionaltaverapaz.gob.gt\/wp-content\/uploads\/2023\/08\/002-1-300x200.jpg 300w, https:\/\/gobernacionaltaverapaz.gob.gt\/wp-content\/uploads\/2023\/08\/002-1-768x512.jpg 768w\" sizes=\"(max-width: 900px) 100vw, 900px\" \/><\/a><\/p>\n","protected":false},"excerpt":{"rendered":"<p>Las familias que viven en la comunidad 31 de Julio, en Oc\u00f3s, San Marcos, trabajan por conservar el medioambiente a trav\u00e9s de la reforestaci\u00f3n de mangle. Conoce la historia de Don Catalino que con esfuerzo ha logrado recuperar 24 hect\u00e1reas de mangle. #ProtagonistasDeNuestroTiempo.<\/p>\n","protected":false},"author":1,"featured_media":15631,"comment_status":"closed","ping_status":"open","sticky":false,"template":"","format":"video","meta":[],"categories":[6],"tags":[178],"_links":{"self":[{"href":"https:\/\/gobernacionaltaverapaz.gob.gt\/index.php?rest_route=\/wp\/v2\/posts\/15630"}],"collection":[{"href":"https:\/\/gobernacionaltaverapaz.gob.gt\/index.php?rest_route=\/wp\/v2\/posts"}],"about":[{"href":"https:\/\/gobernacionaltaverapaz.gob.gt\/index.php?rest_route=\/wp\/v2\/types\/post"}],"author":[{"embeddable":true,"href":"https:\/\/gobernacionaltaverapaz.gob.gt\/index.php?rest_route=\/wp\/v2\/users\/1"}],"replies":[{"embeddable":true,"href":"https:\/\/gobernacionaltaverapaz.gob.gt\/index.php?rest_route=%2Fwp%2Fv2%2Fcomments&post=15630"}],"version-history":[{"count":3,"href":"https:\/\/gobernacionaltaverapaz.gob.gt\/index.php?rest_route=\/wp\/v2\/posts\/15630\/revisions"}],"predecessor-version":[{"id":15635,"href":"https:\/\/gobernacionaltaverapaz.gob.gt\/index.php?rest_route=\/wp\/v2\/posts\/15630\/revisions\/15635"}],"wp:featuredmedia":[{"embeddable":true,"href":"https:\/\/gobernacionaltaverapaz.gob.gt\/index.php?rest_route=\/wp\/v2\/media\/15631"}],"wp:attachment":[{"href":"https:\/\/gobernacionaltaverapaz.gob.gt\/index.php?rest_route=%2Fwp%2Fv2%2Fmedia&parent=15630"}],"wp:term":[{"taxonomy":"category","embeddable":true,"href":"https:\/\/gobernacionaltaverapaz.gob.gt\/index.php?rest_route=%2Fwp%2Fv2%2Fcategories&post=15630"},{"taxonomy":"post_tag","embeddable":true,"href":"https:\/\/gobernacionaltaverapaz.gob.gt\/index.php?rest_route=%2Fwp%2Fv2%2Ftags&post=15630"}],"curies":[{"name":"wp","href":"https:\/\/api.w.org\/{rel}","templated":true}]}}