{"id":15658,"date":"2023-07-11T10:18:01","date_gmt":"2023-07-11T16:18:01","guid":{"rendered":"https:\/\/gobernacionaltaverapaz.gob.gt\/?p=15658"},"modified":"2023-08-01T10:56:57","modified_gmt":"2023-08-01T16:56:57","slug":"sra-gobernadora-departamental-de-alta-verapaz-participa-en-taller-regional-para-el-traslado-de-lineamientos-a-los-equipos-tecnicos-de-las-municipalidades","status":"publish","type":"post","link":"https:\/\/gobernacionaltaverapaz.gob.gt\/?p=15658","title":{"rendered":"Sra. Gobernadora Departamental de Alta Verapaz, participa en taller regional para el traslado de lineamientos a los equipos t\u00e9cnicos de las Municipalidades"},"content":{"rendered":"<p style=\"text-align: justify;\"><a href=\"https:\/\/www.facebook.com\/hashtag\/altaverapaz?__eep__=6&amp;__cft__[0]=AZWQRh2IqHfL3EJUUP1lEIIEcR_5qtbIUK8oYQkiPPOCwpH7cqNJPBcrK2yLu9kry8jhJrBQxj9E1EOI_FqaxfkOoYiJgR2G7_4tfn03gx2Sd2TiYYxrpkhIeoH0qU-8iPbsqlJpn3x1iMzG2oTDmeWTALI00Ob70pidZn9wNHStvB7j-rpGj1Cldg1UKvEdb2M&amp;__tn__=*NK-R\" target=\"_blank\" rel=\"noopener\">#AltaVerapaz<\/a><\/p>\n<p style=\"text-align: justify;\">Con el objetivo de brindar orientaciones y lineamientos a los alcaldes municipales, <strong>DMP<\/strong>, <strong>DAFIM<\/strong>, para fortalecer los procesos de planificaci\u00f3n estrat\u00e9gica institucional, operativa multianual y operativa anual. La Sra. Gobernadora Departamental de <a href=\"https:\/\/www.facebook.com\/hashtag\/altaverapaz?__eep__=6&amp;__cft__[0]=AZWQRh2IqHfL3EJUUP1lEIIEcR_5qtbIUK8oYQkiPPOCwpH7cqNJPBcrK2yLu9kry8jhJrBQxj9E1EOI_FqaxfkOoYiJgR2G7_4tfn03gx2Sd2TiYYxrpkhIeoH0qU-8iPbsqlJpn3x1iMzG2oTDmeWTALI00Ob70pidZn9wNHStvB7j-rpGj1Cldg1UKvEdb2M&amp;__tn__=*NK-R\" target=\"_blank\" rel=\"noopener\">#AltaVerapaz<\/a>, participa en taller regional para el traslado de lineamientos a los equipos t\u00e9cnicos de las Municipalidades, en el marco de la gesti\u00f3n por resultados y proceso de transici\u00f3n de Municipalidades.<\/p>\n<p><a href=\"https:\/\/www.facebook.com\/hashtag\/elgobdelosguatemaltecos?__eep__=6&amp;__cft__[0]=AZWQRh2IqHfL3EJUUP1lEIIEcR_5qtbIUK8oYQkiPPOCwpH7cqNJPBcrK2yLu9kry8jhJrBQxj9E1EOI_FqaxfkOoYiJgR2G7_4tfn03gx2Sd2TiYYxrpkhIeoH0qU-8iPbsqlJpn3x1iMzG2oTDmeWTALI00Ob70pidZn9wNHStvB7j-rpGj1Cldg1UKvEdb2M&amp;__tn__=*NK-R\" target=\"_blank\" rel=\"noopener\">#ElGobDeLosGuatemaltecos<\/a><br \/>\n<a href=\"https:\/\/www.facebook.com\/hashtag\/accionesquetransforman?__eep__=6&amp;__cft__[0]=AZWQRh2IqHfL3EJUUP1lEIIEcR_5qtbIUK8oYQkiPPOCwpH7cqNJPBcrK2yLu9kry8jhJrBQxj9E1EOI_FqaxfkOoYiJgR2G7_4tfn03gx2Sd2TiYYxrpkhIeoH0qU-8iPbsqlJpn3x1iMzG2oTDmeWTALI00Ob70pidZn9wNHStvB7j-rpGj1Cldg1UKvEdb2M&amp;__tn__=*NK-R\" target=\"_blank\" rel=\"noopener\">#AccionesQueTransforman<\/a><\/p>\n<div><\/div>\n","protected":false},"excerpt":{"rendered":"<p>#AltaVerapaz Con el objetivo de brindar orientaciones y lineamientos a los alcaldes municipales, DMP, DAFIM, para fortalecer los procesos de planificaci\u00f3n estrat\u00e9gica institucional, operativa multianual y operativa anual. La Sra. Gobernadora Departamental de #AltaVerapaz, participa en taller regional para el traslado de lineamientos a los equipos t\u00e9cnicos de las Municipalidades, en el marco de la [&hellip;]<\/p>\n","protected":false},"author":1,"featured_media":15659,"comment_status":"closed","ping_status":"open","sticky":false,"template":"","format":"gallery","meta":[],"categories":[191],"tags":[178],"_links":{"self":[{"href":"https:\/\/gobernacionaltaverapaz.gob.gt\/index.php?rest_route=\/wp\/v2\/posts\/15658"}],"collection":[{"href":"https:\/\/gobernacionaltaverapaz.gob.gt\/index.php?rest_route=\/wp\/v2\/posts"}],"about":[{"href":"https:\/\/gobernacionaltaverapaz.gob.gt\/index.php?rest_route=\/wp\/v2\/types\/post"}],"author":[{"embeddable":true,"href":"https:\/\/gobernacionaltaverapaz.gob.gt\/index.php?rest_route=\/wp\/v2\/users\/1"}],"replies":[{"embeddable":true,"href":"https:\/\/gobernacionaltaverapaz.gob.gt\/index.php?rest_route=%2Fwp%2Fv2%2Fcomments&post=15658"}],"version-history":[{"count":3,"href":"https:\/\/gobernacionaltaverapaz.gob.gt\/index.php?rest_route=\/wp\/v2\/posts\/15658\/revisions"}],"predecessor-version":[{"id":15666,"href":"https:\/\/gobernacionaltaverapaz.gob.gt\/index.php?rest_route=\/wp\/v2\/posts\/15658\/revisions\/15666"}],"wp:featuredmedia":[{"embeddable":true,"href":"https:\/\/gobernacionaltaverapaz.gob.gt\/index.php?rest_route=\/wp\/v2\/media\/15659"}],"wp:attachment":[{"href":"https:\/\/gobernacionaltaverapaz.gob.gt\/index.php?rest_route=%2Fwp%2Fv2%2Fmedia&parent=15658"}],"wp:term":[{"taxonomy":"category","embeddable":true,"href":"https:\/\/gobernacionaltaverapaz.gob.gt\/index.php?rest_route=%2Fwp%2Fv2%2Fcategories&post=15658"},{"taxonomy":"post_tag","embeddable":true,"href":"https:\/\/gobernacionaltaverapaz.gob.gt\/index.php?rest_route=%2Fwp%2Fv2%2Ftags&post=15658"}],"curies":[{"name":"wp","href":"https:\/\/api.w.org\/{rel}","templated":true}]}}