{"id":15667,"date":"2023-07-11T11:52:03","date_gmt":"2023-07-11T17:52:03","guid":{"rendered":"https:\/\/gobernacionaltaverapaz.gob.gt\/?p=15667"},"modified":"2023-08-01T12:25:34","modified_gmt":"2023-08-01T18:25:34","slug":"recorrido-por-el-centro-de-privacion-de-libertad-en-fraijanes-ii","status":"publish","type":"post","link":"https:\/\/gobernacionaltaverapaz.gob.gt\/?p=15667","title":{"rendered":"Recorrido por el centro de privaci\u00f3n de libertad en Fraijanes II"},"content":{"rendered":"<p style=\"text-align: justify;\">El Ministro de Gobernaci\u00f3n junto con autoridades del Nuevo Modelo de Gesti\u00f3n Penitenciaria, ubicada en Fraijanes II, realiz\u00f3 un recorrido por el centro de privaci\u00f3n de libertad, donde constat\u00f3 que las internas estudian y se capacitan en distintas labores.<\/p>\n<p style=\"text-align: justify;\">El Ministro de Gobernaci\u00f3n indic\u00f3 que el trabajo del Nuevo Modelo de Gesti\u00f3n Penitenciaria ser\u00e1 aplicado pr\u00f3ximamente en otro centro carcelario con el fin de fortalecer la reinserci\u00f3n social de los privados de libertad.<\/p>\n<div><\/div>\n","protected":false},"excerpt":{"rendered":"<p>El Ministro de Gobernaci\u00f3n junto con autoridades del Nuevo Modelo de Gesti\u00f3n Penitenciaria, ubicada en Fraijanes II, realiz\u00f3 un recorrido por el centro de privaci\u00f3n de libertad, donde constat\u00f3 que las internas estudian y se capacitan en distintas labores. El Ministro de Gobernaci\u00f3n indic\u00f3 que el trabajo del Nuevo Modelo de Gesti\u00f3n Penitenciaria ser\u00e1 aplicado [&hellip;]<\/p>\n","protected":false},"author":1,"featured_media":15668,"comment_status":"closed","ping_status":"open","sticky":false,"template":"","format":"gallery","meta":[],"categories":[197],"tags":[178],"_links":{"self":[{"href":"https:\/\/gobernacionaltaverapaz.gob.gt\/index.php?rest_route=\/wp\/v2\/posts\/15667"}],"collection":[{"href":"https:\/\/gobernacionaltaverapaz.gob.gt\/index.php?rest_route=\/wp\/v2\/posts"}],"about":[{"href":"https:\/\/gobernacionaltaverapaz.gob.gt\/index.php?rest_route=\/wp\/v2\/types\/post"}],"author":[{"embeddable":true,"href":"https:\/\/gobernacionaltaverapaz.gob.gt\/index.php?rest_route=\/wp\/v2\/users\/1"}],"replies":[{"embeddable":true,"href":"https:\/\/gobernacionaltaverapaz.gob.gt\/index.php?rest_route=%2Fwp%2Fv2%2Fcomments&post=15667"}],"version-history":[{"count":2,"href":"https:\/\/gobernacionaltaverapaz.gob.gt\/index.php?rest_route=\/wp\/v2\/posts\/15667\/revisions"}],"predecessor-version":[{"id":15679,"href":"https:\/\/gobernacionaltaverapaz.gob.gt\/index.php?rest_route=\/wp\/v2\/posts\/15667\/revisions\/15679"}],"wp:featuredmedia":[{"embeddable":true,"href":"https:\/\/gobernacionaltaverapaz.gob.gt\/index.php?rest_route=\/wp\/v2\/media\/15668"}],"wp:attachment":[{"href":"https:\/\/gobernacionaltaverapaz.gob.gt\/index.php?rest_route=%2Fwp%2Fv2%2Fmedia&parent=15667"}],"wp:term":[{"taxonomy":"category","embeddable":true,"href":"https:\/\/gobernacionaltaverapaz.gob.gt\/index.php?rest_route=%2Fwp%2Fv2%2Fcategories&post=15667"},{"taxonomy":"post_tag","embeddable":true,"href":"https:\/\/gobernacionaltaverapaz.gob.gt\/index.php?rest_route=%2Fwp%2Fv2%2Ftags&post=15667"}],"curies":[{"name":"wp","href":"https:\/\/api.w.org\/{rel}","templated":true}]}}