{"id":15680,"date":"2023-07-11T12:48:55","date_gmt":"2023-07-11T18:48:55","guid":{"rendered":"https:\/\/gobernacionaltaverapaz.gob.gt\/?p=15680"},"modified":"2023-08-01T12:46:46","modified_gmt":"2023-08-01T18:46:46","slug":"sra-gobernadora-departamental-participo-en-el-acto-de-inauguracion-de-talleres-regionales-municipales-en-alta-verapaz","status":"publish","type":"post","link":"https:\/\/gobernacionaltaverapaz.gob.gt\/?p=15680","title":{"rendered":"Sra. Gobernadora Departamental particip\u00f3 en el acto de Inauguraci\u00f3n de Talleres Regionales Municipales en Alta Verapaz"},"content":{"rendered":"<p style=\"text-align: justify;\"><a href=\"https:\/\/www.facebook.com\/hashtag\/elgobdelosguatemaltecos?__eep__=6&amp;__cft__[0]=AZVtwfd6jX5vPdFhUEn1gc6mlIckZ8bYpOXDu-TcHapvUyaarLaLmgThpit-ncVHzoDTSB6pxHdBYJdlKmlosEvAFTAvc8e7sDg3cQuwju9Oo0--nYJXTGtEaBasK8xo_OmEx0DoVSEI0PhBgzxeI5AomfReVMINNRpRV6MHwyRgpoqYUlgL6kOENQ92o4Begqc&amp;__tn__=*NK-R\" target=\"_blank\" rel=\"noopener\">#ElGobDeLosGuatemaltecos<\/a><\/p>\n<p style=\"text-align: justify;\">La Sra. Gobernadora Departamental, particip\u00f3 en el acto de Inauguraci\u00f3n de Talleres Regionales Municipales en <a href=\"https:\/\/www.facebook.com\/hashtag\/altaverapaz?__eep__=6&amp;__cft__[0]=AZVtwfd6jX5vPdFhUEn1gc6mlIckZ8bYpOXDu-TcHapvUyaarLaLmgThpit-ncVHzoDTSB6pxHdBYJdlKmlosEvAFTAvc8e7sDg3cQuwju9Oo0--nYJXTGtEaBasK8xo_OmEx0DoVSEI0PhBgzxeI5AomfReVMINNRpRV6MHwyRgpoqYUlgL6kOENQ92o4Begqc&amp;__tn__=*NK-R\" target=\"_blank\" rel=\"noopener\">#AltaVerapaz<\/a>, Actividad Impulsada por UNICEF y la Uni\u00f3n Europea, con el apoyo del Instituto Nacional de Administraci\u00f3n Publica \u2013INAP-\u00a0 y el Ministerio de Finanzas Publicas. Dando apertura al taller #1 denominado: \u201cEstrategia Integral para abordar la Desnutrici\u00f3n Cr\u00f3nica\u201d<\/p>\n<p style=\"text-align: justify;\"><a href=\"https:\/\/www.facebook.com\/hashtag\/accionesquetransforman?__eep__=6&amp;__cft__[0]=AZVtwfd6jX5vPdFhUEn1gc6mlIckZ8bYpOXDu-TcHapvUyaarLaLmgThpit-ncVHzoDTSB6pxHdBYJdlKmlosEvAFTAvc8e7sDg3cQuwju9Oo0--nYJXTGtEaBasK8xo_OmEx0DoVSEI0PhBgzxeI5AomfReVMINNRpRV6MHwyRgpoqYUlgL6kOENQ92o4Begqc&amp;__tn__=*NK-R\" target=\"_blank\" rel=\"noopener\">#AccionesQueTransforman<\/a><\/p>\n<div><\/div>\n","protected":false},"excerpt":{"rendered":"<p>#ElGobDeLosGuatemaltecos La Sra. Gobernadora Departamental, particip\u00f3 en el acto de Inauguraci\u00f3n de Talleres Regionales Municipales en #AltaVerapaz, Actividad Impulsada por UNICEF y la Uni\u00f3n Europea, con el apoyo del Instituto Nacional de Administraci\u00f3n Publica \u2013INAP-\u00a0 y el Ministerio de Finanzas Publicas. Dando apertura al taller #1 denominado: \u201cEstrategia Integral para abordar la Desnutrici\u00f3n Cr\u00f3nica\u201d #AccionesQueTransforman<\/p>\n","protected":false},"author":1,"featured_media":15683,"comment_status":"closed","ping_status":"open","sticky":false,"template":"","format":"gallery","meta":[],"categories":[191],"tags":[178],"_links":{"self":[{"href":"https:\/\/gobernacionaltaverapaz.gob.gt\/index.php?rest_route=\/wp\/v2\/posts\/15680"}],"collection":[{"href":"https:\/\/gobernacionaltaverapaz.gob.gt\/index.php?rest_route=\/wp\/v2\/posts"}],"about":[{"href":"https:\/\/gobernacionaltaverapaz.gob.gt\/index.php?rest_route=\/wp\/v2\/types\/post"}],"author":[{"embeddable":true,"href":"https:\/\/gobernacionaltaverapaz.gob.gt\/index.php?rest_route=\/wp\/v2\/users\/1"}],"replies":[{"embeddable":true,"href":"https:\/\/gobernacionaltaverapaz.gob.gt\/index.php?rest_route=%2Fwp%2Fv2%2Fcomments&post=15680"}],"version-history":[{"count":3,"href":"https:\/\/gobernacionaltaverapaz.gob.gt\/index.php?rest_route=\/wp\/v2\/posts\/15680\/revisions"}],"predecessor-version":[{"id":15688,"href":"https:\/\/gobernacionaltaverapaz.gob.gt\/index.php?rest_route=\/wp\/v2\/posts\/15680\/revisions\/15688"}],"wp:featuredmedia":[{"embeddable":true,"href":"https:\/\/gobernacionaltaverapaz.gob.gt\/index.php?rest_route=\/wp\/v2\/media\/15683"}],"wp:attachment":[{"href":"https:\/\/gobernacionaltaverapaz.gob.gt\/index.php?rest_route=%2Fwp%2Fv2%2Fmedia&parent=15680"}],"wp:term":[{"taxonomy":"category","embeddable":true,"href":"https:\/\/gobernacionaltaverapaz.gob.gt\/index.php?rest_route=%2Fwp%2Fv2%2Fcategories&post=15680"},{"taxonomy":"post_tag","embeddable":true,"href":"https:\/\/gobernacionaltaverapaz.gob.gt\/index.php?rest_route=%2Fwp%2Fv2%2Ftags&post=15680"}],"curies":[{"name":"wp","href":"https:\/\/api.w.org\/{rel}","templated":true}]}}