{"id":15689,"date":"2023-07-11T23:26:00","date_gmt":"2023-07-12T05:26:00","guid":{"rendered":"https:\/\/gobernacionaltaverapaz.gob.gt\/?p=15689"},"modified":"2023-08-01T14:31:35","modified_gmt":"2023-08-01T20:31:35","slug":"reporte-nacional-10","status":"publish","type":"post","link":"https:\/\/gobernacionaltaverapaz.gob.gt\/?p=15689","title":{"rendered":"Reporte Nacional"},"content":{"rendered":"<p><a href=\"https:\/\/www.facebook.com\/guatemalagob\/videos\/648287120655791\/\" target=\"_blank\" rel=\"noopener\"><img decoding=\"async\" loading=\"lazy\" class=\"alignnone wp-image-15691 size-full\" title=\"Ver video\" src=\"https:\/\/gobernacionaltaverapaz.gob.gt\/wp-content\/uploads\/2023\/08\/002-8.jpg\" alt=\"\" width=\"900\" height=\"600\" srcset=\"https:\/\/gobernacionaltaverapaz.gob.gt\/wp-content\/uploads\/2023\/08\/002-8.jpg 900w, https:\/\/gobernacionaltaverapaz.gob.gt\/wp-content\/uploads\/2023\/08\/002-8-300x200.jpg 300w, https:\/\/gobernacionaltaverapaz.gob.gt\/wp-content\/uploads\/2023\/08\/002-8-768x512.jpg 768w\" sizes=\"(max-width: 900px) 100vw, 900px\" \/><\/a><\/p>\n<p><a href=\"https:\/\/www.facebook.com\/hashtag\/reportenacional?__eep__=6&amp;__cft__[0]=AZVh_g-o3SEI5e2Q2vOXzDSsbpBeWOuAn-frU9AluojIW5SCltKuVpuCx9Dv_VbDEF_ObFaAnMCEN2Wy4wMV6qjoWWHYrFd5MTLv7e4fCpseWZpZR28MFSMnsfmSoSQnt_poaj5eSopw49502CZPYaUw73KHSxyCPq7lHPxAPQAMv4HMO9KRIjHogVOKKiZlBg0t4ezkFnVHuhYqsz5wRmGb&amp;__tn__=*NK-y-R\" target=\"_blank\" rel=\"noopener\">#ReporteNacional<\/a><\/p>\n<ul>\n<li><a href=\"https:\/\/www.facebook.com\/MineducGuate?__cft__[0]=AZVh_g-o3SEI5e2Q2vOXzDSsbpBeWOuAn-frU9AluojIW5SCltKuVpuCx9Dv_VbDEF_ObFaAnMCEN2Wy4wMV6qjoWWHYrFd5MTLv7e4fCpseWZpZR28MFSMnsfmSoSQnt_poaj5eSopw49502CZPYaUw73KHSxyCPq7lHPxAPQAMv4HMO9KRIjHogVOKKiZlBg0t4ezkFnVHuhYqsz5wRmGb&amp;__tn__=-]K-y-R\" target=\"_blank\" rel=\"noopener\">Ministerio de Educaci\u00f3n de Guatemala (P\u00e1gina Oficial)<\/a> anuncia evaluaci\u00f3n de graduandos<\/li>\n<li>Miles de guatemaltecos beneficiados con el programa <a href=\"https:\/\/www.facebook.com\/hashtag\/bolsasocial?__eep__=6&amp;__cft__[0]=AZVh_g-o3SEI5e2Q2vOXzDSsbpBeWOuAn-frU9AluojIW5SCltKuVpuCx9Dv_VbDEF_ObFaAnMCEN2Wy4wMV6qjoWWHYrFd5MTLv7e4fCpseWZpZR28MFSMnsfmSoSQnt_poaj5eSopw49502CZPYaUw73KHSxyCPq7lHPxAPQAMv4HMO9KRIjHogVOKKiZlBg0t4ezkFnVHuhYqsz5wRmGb&amp;__tn__=*NK-y-R\" target=\"_blank\" rel=\"noopener\">#BolsaSocial<\/a><\/li>\n<li>Presentan campa\u00f1a para localizar a migrantes desaparecidos<\/li>\n<li><a href=\"https:\/\/www.facebook.com\/PoliciaNacionalCivildeGuatemala?__cft__[0]=AZVh_g-o3SEI5e2Q2vOXzDSsbpBeWOuAn-frU9AluojIW5SCltKuVpuCx9Dv_VbDEF_ObFaAnMCEN2Wy4wMV6qjoWWHYrFd5MTLv7e4fCpseWZpZR28MFSMnsfmSoSQnt_poaj5eSopw49502CZPYaUw73KHSxyCPq7lHPxAPQAMv4HMO9KRIjHogVOKKiZlBg0t4ezkFnVHuhYqsz5wRmGb&amp;__tn__=-]K-y-R\" target=\"_blank\" rel=\"noopener\">PNCdeGuatemala<\/a> incrementa operativos por pago de <a href=\"https:\/\/www.facebook.com\/hashtag\/bono14?__eep__=6&amp;__cft__[0]=AZVh_g-o3SEI5e2Q2vOXzDSsbpBeWOuAn-frU9AluojIW5SCltKuVpuCx9Dv_VbDEF_ObFaAnMCEN2Wy4wMV6qjoWWHYrFd5MTLv7e4fCpseWZpZR28MFSMnsfmSoSQnt_poaj5eSopw49502CZPYaUw73KHSxyCPq7lHPxAPQAMv4HMO9KRIjHogVOKKiZlBg0t4ezkFnVHuhYqsz5wRmGb&amp;__tn__=*NK-y-R\" target=\"_blank\" rel=\"noopener\">#Bono14<\/a><\/li>\n<\/ul>\n","protected":false},"excerpt":{"rendered":"<p>#ReporteNacional Ministerio de Educaci\u00f3n de Guatemala (P\u00e1gina Oficial) anuncia evaluaci\u00f3n de graduandos Miles de guatemaltecos beneficiados con el programa #BolsaSocial Presentan campa\u00f1a para localizar a migrantes desaparecidos PNCdeGuatemala incrementa operativos por pago de #Bono14<\/p>\n","protected":false},"author":1,"featured_media":15690,"comment_status":"closed","ping_status":"open","sticky":false,"template":"","format":"video","meta":[],"categories":[205,197,182],"tags":[178],"_links":{"self":[{"href":"https:\/\/gobernacionaltaverapaz.gob.gt\/index.php?rest_route=\/wp\/v2\/posts\/15689"}],"collection":[{"href":"https:\/\/gobernacionaltaverapaz.gob.gt\/index.php?rest_route=\/wp\/v2\/posts"}],"about":[{"href":"https:\/\/gobernacionaltaverapaz.gob.gt\/index.php?rest_route=\/wp\/v2\/types\/post"}],"author":[{"embeddable":true,"href":"https:\/\/gobernacionaltaverapaz.gob.gt\/index.php?rest_route=\/wp\/v2\/users\/1"}],"replies":[{"embeddable":true,"href":"https:\/\/gobernacionaltaverapaz.gob.gt\/index.php?rest_route=%2Fwp%2Fv2%2Fcomments&post=15689"}],"version-history":[{"count":1,"href":"https:\/\/gobernacionaltaverapaz.gob.gt\/index.php?rest_route=\/wp\/v2\/posts\/15689\/revisions"}],"predecessor-version":[{"id":15692,"href":"https:\/\/gobernacionaltaverapaz.gob.gt\/index.php?rest_route=\/wp\/v2\/posts\/15689\/revisions\/15692"}],"wp:featuredmedia":[{"embeddable":true,"href":"https:\/\/gobernacionaltaverapaz.gob.gt\/index.php?rest_route=\/wp\/v2\/media\/15690"}],"wp:attachment":[{"href":"https:\/\/gobernacionaltaverapaz.gob.gt\/index.php?rest_route=%2Fwp%2Fv2%2Fmedia&parent=15689"}],"wp:term":[{"taxonomy":"category","embeddable":true,"href":"https:\/\/gobernacionaltaverapaz.gob.gt\/index.php?rest_route=%2Fwp%2Fv2%2Fcategories&post=15689"},{"taxonomy":"post_tag","embeddable":true,"href":"https:\/\/gobernacionaltaverapaz.gob.gt\/index.php?rest_route=%2Fwp%2Fv2%2Ftags&post=15689"}],"curies":[{"name":"wp","href":"https:\/\/api.w.org\/{rel}","templated":true}]}}