{"id":15694,"date":"2023-07-12T12:13:22","date_gmt":"2023-07-12T18:13:22","guid":{"rendered":"https:\/\/gobernacionaltaverapaz.gob.gt\/?p=15694"},"modified":"2023-08-01T15:02:56","modified_gmt":"2023-08-01T21:02:56","slug":"viceministro-de-recursos-naturales-y-cambio-climatico-participo-en-la-socializacion-de-resultados-de-la-medicion-de-la-contribucion-del-proyecto-a-la-captura-de-carbono-mediante-sus-medidas-impleme","status":"publish","type":"post","link":"https:\/\/gobernacionaltaverapaz.gob.gt\/?p=15694","title":{"rendered":"Proyecto de Adaptaci\u00f3n al Cambio Clim\u00e1tico"},"content":{"rendered":"<p style=\"text-align: justify;\"><a href=\"https:\/\/www.facebook.com\/hashtag\/somosmarn?__eep__=6&amp;__cft__[0]=AZWKS4hhwkh_EM_cuNS63UJWeAIRtdei2Yr2KHIIgH0PBDoNlEncUJV2XW7Wncw1WddhfxEsFK7yLc8_NIXlhUVgg5RxJKrd9XknxMzhLNdHWW7Tx88jOEbf3kg9Xu4g-giq6I2wevgCRTKaP_-G_6wTXTX5NQMsBkZ-xbOjTb0rrB8ix-m04IRHsZHWEtOgXr4aql_ZBo98vbkfgGp0JKNq&amp;__tn__=*NK-y-R\" target=\"_blank\" rel=\"noopener\">#SomosMARN<\/a> | El Viceministro de Recursos Naturales y Cambio Clim\u00e1tico, H\u00e9ctor Espinoza particip\u00f3 en la &#8220;Socializaci\u00f3n de Resultados de la Medici\u00f3n de la Contribuci\u00f3n del Proyecto a la Captura de Carbono mediante sus medidas implementadas&#8221;.<\/p>\n<p style=\"text-align: justify;\">Las comunidades atendidas por el Proyecto de Adaptaci\u00f3n al Cambio Clim\u00e1tico en el Corredor Seco de Guatemala han mejorado sus capacidades de adaptaci\u00f3n, resiliencia y desarrollo econ\u00f3mico, por medio de las intervenciones que esta iniciativa ha llevado a los departamentos de Baja Verapaz, El progreso y Zacapa.<\/p>\n<p><img decoding=\"async\" loading=\"lazy\" class=\"alignnone size-full wp-image-15697\" src=\"https:\/\/gobernacionaltaverapaz.gob.gt\/wp-content\/uploads\/2023\/08\/003-7.jpg\" alt=\"\" width=\"900\" height=\"600\" srcset=\"https:\/\/gobernacionaltaverapaz.gob.gt\/wp-content\/uploads\/2023\/08\/003-7.jpg 900w, https:\/\/gobernacionaltaverapaz.gob.gt\/wp-content\/uploads\/2023\/08\/003-7-300x200.jpg 300w, https:\/\/gobernacionaltaverapaz.gob.gt\/wp-content\/uploads\/2023\/08\/003-7-768x512.jpg 768w\" sizes=\"(max-width: 900px) 100vw, 900px\" \/> <img decoding=\"async\" loading=\"lazy\" class=\"alignnone size-full wp-image-15696\" src=\"https:\/\/gobernacionaltaverapaz.gob.gt\/wp-content\/uploads\/2023\/08\/002-9.jpg\" alt=\"\" width=\"900\" height=\"471\" srcset=\"https:\/\/gobernacionaltaverapaz.gob.gt\/wp-content\/uploads\/2023\/08\/002-9.jpg 900w, https:\/\/gobernacionaltaverapaz.gob.gt\/wp-content\/uploads\/2023\/08\/002-9-300x157.jpg 300w, https:\/\/gobernacionaltaverapaz.gob.gt\/wp-content\/uploads\/2023\/08\/002-9-768x402.jpg 768w\" sizes=\"(max-width: 900px) 100vw, 900px\" \/><\/p>\n","protected":false},"excerpt":{"rendered":"<p>#SomosMARN | El Viceministro de Recursos Naturales y Cambio Clim\u00e1tico, H\u00e9ctor Espinoza particip\u00f3 en la &#8220;Socializaci\u00f3n de Resultados de la Medici\u00f3n de la Contribuci\u00f3n del Proyecto a la Captura de Carbono mediante sus medidas implementadas&#8221;. Las comunidades atendidas por el Proyecto de Adaptaci\u00f3n al Cambio Clim\u00e1tico en el Corredor Seco de Guatemala han mejorado sus [&hellip;]<\/p>\n","protected":false},"author":1,"featured_media":15695,"comment_status":"closed","ping_status":"open","sticky":false,"template":"","format":"standard","meta":[],"categories":[6],"tags":[178],"_links":{"self":[{"href":"https:\/\/gobernacionaltaverapaz.gob.gt\/index.php?rest_route=\/wp\/v2\/posts\/15694"}],"collection":[{"href":"https:\/\/gobernacionaltaverapaz.gob.gt\/index.php?rest_route=\/wp\/v2\/posts"}],"about":[{"href":"https:\/\/gobernacionaltaverapaz.gob.gt\/index.php?rest_route=\/wp\/v2\/types\/post"}],"author":[{"embeddable":true,"href":"https:\/\/gobernacionaltaverapaz.gob.gt\/index.php?rest_route=\/wp\/v2\/users\/1"}],"replies":[{"embeddable":true,"href":"https:\/\/gobernacionaltaverapaz.gob.gt\/index.php?rest_route=%2Fwp%2Fv2%2Fcomments&post=15694"}],"version-history":[{"count":2,"href":"https:\/\/gobernacionaltaverapaz.gob.gt\/index.php?rest_route=\/wp\/v2\/posts\/15694\/revisions"}],"predecessor-version":[{"id":15699,"href":"https:\/\/gobernacionaltaverapaz.gob.gt\/index.php?rest_route=\/wp\/v2\/posts\/15694\/revisions\/15699"}],"wp:featuredmedia":[{"embeddable":true,"href":"https:\/\/gobernacionaltaverapaz.gob.gt\/index.php?rest_route=\/wp\/v2\/media\/15695"}],"wp:attachment":[{"href":"https:\/\/gobernacionaltaverapaz.gob.gt\/index.php?rest_route=%2Fwp%2Fv2%2Fmedia&parent=15694"}],"wp:term":[{"taxonomy":"category","embeddable":true,"href":"https:\/\/gobernacionaltaverapaz.gob.gt\/index.php?rest_route=%2Fwp%2Fv2%2Fcategories&post=15694"},{"taxonomy":"post_tag","embeddable":true,"href":"https:\/\/gobernacionaltaverapaz.gob.gt\/index.php?rest_route=%2Fwp%2Fv2%2Ftags&post=15694"}],"curies":[{"name":"wp","href":"https:\/\/api.w.org\/{rel}","templated":true}]}}