{"id":15700,"date":"2023-07-12T14:26:46","date_gmt":"2023-07-12T20:26:46","guid":{"rendered":"https:\/\/gobernacionaltaverapaz.gob.gt\/?p=15700"},"modified":"2023-08-01T15:52:05","modified_gmt":"2023-08-01T21:52:05","slug":"entrega-de-becas-de-ingles-a-estudiantes-y-docentes-del-sector-publico","status":"publish","type":"post","link":"https:\/\/gobernacionaltaverapaz.gob.gt\/?p=15700","title":{"rendered":"Entrega de becas en ingl\u00e9s a estudiantes y docentes del sector p\u00fablico"},"content":{"rendered":"<p style=\"text-align: justify;\">El presidente <a href=\"https:\/\/www.facebook.com\/AlejandroGiammattei?__cft__[0]=AZVWG5YaLHWhuvfcXeY6D6Ar8Ai9LVfGfNVvbe94dbMGTxdJz9Jl7Wm11exrisoMxHDWN5yhdJXI01n-8TURLN32BM2Nx7dPpbIjFnAn-CUiuA5VrR_tdUVSDVSeGZAoX1exmfIZ-YW8vU3L5HCnXDKwI-KEDfmKhVDPBBsAw3zK9JzW913688aX8hVCWcFHSBFwzbDJModk2yOQJPVKA3DK&amp;__tn__=-]K-y-R\" target=\"_blank\" rel=\"noopener\">Alejandro Giammattei<\/a>, junto con autoridades del <a href=\"https:\/\/www.facebook.com\/MineducGuate?__cft__[0]=AZVWG5YaLHWhuvfcXeY6D6Ar8Ai9LVfGfNVvbe94dbMGTxdJz9Jl7Wm11exrisoMxHDWN5yhdJXI01n-8TURLN32BM2Nx7dPpbIjFnAn-CUiuA5VrR_tdUVSDVSeGZAoX1exmfIZ-YW8vU3L5HCnXDKwI-KEDfmKhVDPBBsAw3zK9JzW913688aX8hVCWcFHSBFwzbDJModk2yOQJPVKA3DK&amp;__tn__=-]K-y-R\" target=\"_blank\" rel=\"noopener\">Ministerio de Educaci\u00f3n de Guatemala (P\u00e1gina Oficial)<\/a>, hizo la entrega de becas en ingl\u00e9s a estudiantes y docentes del sector p\u00fablico con el objetivo de fortalecer sus competencias ling\u00fc\u00edsticas e impulsar mejores oportunidades laborales. <a href=\"https:\/\/www.facebook.com\/hashtag\/cumpli%C3%A9ndoleaguate?__eep__=6&amp;__cft__[0]=AZVWG5YaLHWhuvfcXeY6D6Ar8Ai9LVfGfNVvbe94dbMGTxdJz9Jl7Wm11exrisoMxHDWN5yhdJXI01n-8TURLN32BM2Nx7dPpbIjFnAn-CUiuA5VrR_tdUVSDVSeGZAoX1exmfIZ-YW8vU3L5HCnXDKwI-KEDfmKhVDPBBsAw3zK9JzW913688aX8hVCWcFHSBFwzbDJModk2yOQJPVKA3DK&amp;__tn__=*NK-y-R\" target=\"_blank\" rel=\"noopener\">#Cumpli\u00e9ndoleAGuate<\/a>.<\/p>\n<div><\/div>\n","protected":false},"excerpt":{"rendered":"<p>Con el objetivo de fortalecer sus competencias ling\u00fc\u00edsticas e impulsar mejores oportunidades laborales.<\/p>\n","protected":false},"author":1,"featured_media":15701,"comment_status":"closed","ping_status":"open","sticky":false,"template":"","format":"gallery","meta":[],"categories":[2],"tags":[178],"_links":{"self":[{"href":"https:\/\/gobernacionaltaverapaz.gob.gt\/index.php?rest_route=\/wp\/v2\/posts\/15700"}],"collection":[{"href":"https:\/\/gobernacionaltaverapaz.gob.gt\/index.php?rest_route=\/wp\/v2\/posts"}],"about":[{"href":"https:\/\/gobernacionaltaverapaz.gob.gt\/index.php?rest_route=\/wp\/v2\/types\/post"}],"author":[{"embeddable":true,"href":"https:\/\/gobernacionaltaverapaz.gob.gt\/index.php?rest_route=\/wp\/v2\/users\/1"}],"replies":[{"embeddable":true,"href":"https:\/\/gobernacionaltaverapaz.gob.gt\/index.php?rest_route=%2Fwp%2Fv2%2Fcomments&post=15700"}],"version-history":[{"count":5,"href":"https:\/\/gobernacionaltaverapaz.gob.gt\/index.php?rest_route=\/wp\/v2\/posts\/15700\/revisions"}],"predecessor-version":[{"id":15711,"href":"https:\/\/gobernacionaltaverapaz.gob.gt\/index.php?rest_route=\/wp\/v2\/posts\/15700\/revisions\/15711"}],"wp:featuredmedia":[{"embeddable":true,"href":"https:\/\/gobernacionaltaverapaz.gob.gt\/index.php?rest_route=\/wp\/v2\/media\/15701"}],"wp:attachment":[{"href":"https:\/\/gobernacionaltaverapaz.gob.gt\/index.php?rest_route=%2Fwp%2Fv2%2Fmedia&parent=15700"}],"wp:term":[{"taxonomy":"category","embeddable":true,"href":"https:\/\/gobernacionaltaverapaz.gob.gt\/index.php?rest_route=%2Fwp%2Fv2%2Fcategories&post=15700"},{"taxonomy":"post_tag","embeddable":true,"href":"https:\/\/gobernacionaltaverapaz.gob.gt\/index.php?rest_route=%2Fwp%2Fv2%2Ftags&post=15700"}],"curies":[{"name":"wp","href":"https:\/\/api.w.org\/{rel}","templated":true}]}}