{"id":15740,"date":"2023-07-14T07:14:35","date_gmt":"2023-07-14T13:14:35","guid":{"rendered":"https:\/\/gobernacionaltaverapaz.gob.gt\/?p=15740"},"modified":"2023-08-02T10:08:10","modified_gmt":"2023-08-02T16:08:10","slug":"reporte-nacional-11","status":"publish","type":"post","link":"https:\/\/gobernacionaltaverapaz.gob.gt\/?p=15740","title":{"rendered":"Reporte Nacional"},"content":{"rendered":"<p><a href=\"https:\/\/www.facebook.com\/guatemalagob\/videos\/653863392995317\" target=\"_blank\" rel=\"noopener\"><img decoding=\"async\" loading=\"lazy\" class=\"alignnone wp-image-15741 size-full\" title=\"Ver video\" src=\"https:\/\/gobernacionaltaverapaz.gob.gt\/wp-content\/uploads\/2023\/08\/001-16.jpg\" alt=\"\" width=\"900\" height=\"600\" srcset=\"https:\/\/gobernacionaltaverapaz.gob.gt\/wp-content\/uploads\/2023\/08\/001-16.jpg 900w, https:\/\/gobernacionaltaverapaz.gob.gt\/wp-content\/uploads\/2023\/08\/001-16-300x200.jpg 300w, https:\/\/gobernacionaltaverapaz.gob.gt\/wp-content\/uploads\/2023\/08\/001-16-768x512.jpg 768w\" sizes=\"(max-width: 900px) 100vw, 900px\" \/><\/a><\/p>\n<p><a href=\"https:\/\/www.facebook.com\/hashtag\/reportenacional?__eep__=6&amp;__cft__[0]=AZXkbCIw_6NSlnR_HnZarvNpCJ6ozlugGVO37UpD7eD15O71zPY7Z_k5haxxeovHVohB1U7WgGBsfNJlzANzOi9L1KbZcNuOwUL9NJO7PaW-CYai6n7-9lvrhMhIRFDud4a2eRGY3mzoaPA2BA0EOsGAQh4o8-pSDwKZYeLLK5uUtaDnJLCiGGvUkea4tktpUWInLM-sVrNf5EZgUW49IsNF&amp;__tn__=*NK-y-R\" target=\"_blank\" rel=\"noopener\">#ReporteNacional<\/a><\/p>\n<ul>\n<li><a href=\"https:\/\/www.facebook.com\/PoliciaNacionalCivildeGuatemala?__cft__[0]=AZXkbCIw_6NSlnR_HnZarvNpCJ6ozlugGVO37UpD7eD15O71zPY7Z_k5haxxeovHVohB1U7WgGBsfNJlzANzOi9L1KbZcNuOwUL9NJO7PaW-CYai6n7-9lvrhMhIRFDud4a2eRGY3mzoaPA2BA0EOsGAQh4o8-pSDwKZYeLLK5uUtaDnJLCiGGvUkea4tktpUWInLM-sVrNf5EZgUW49IsNF&amp;__tn__=-]K-y-R\" target=\"_blank\" rel=\"noopener\">PNCdeGuatemala<\/a> celebra su 26 aniversario.<\/li>\n<li>Juramentan a nueva ministra del <a href=\"https:\/\/www.facebook.com\/MINECOGT?__cft__[0]=AZXkbCIw_6NSlnR_HnZarvNpCJ6ozlugGVO37UpD7eD15O71zPY7Z_k5haxxeovHVohB1U7WgGBsfNJlzANzOi9L1KbZcNuOwUL9NJO7PaW-CYai6n7-9lvrhMhIRFDud4a2eRGY3mzoaPA2BA0EOsGAQh4o8-pSDwKZYeLLK5uUtaDnJLCiGGvUkea4tktpUWInLM-sVrNf5EZgUW49IsNF&amp;__tn__=-]K-y-R\" target=\"_blank\" rel=\"noopener\">Ministerio de Econom\u00eda Guatemala<\/a>.<\/li>\n<li><a href=\"https:\/\/www.facebook.com\/Sesangt?__cft__[0]=AZXkbCIw_6NSlnR_HnZarvNpCJ6ozlugGVO37UpD7eD15O71zPY7Z_k5haxxeovHVohB1U7WgGBsfNJlzANzOi9L1KbZcNuOwUL9NJO7PaW-CYai6n7-9lvrhMhIRFDud4a2eRGY3mzoaPA2BA0EOsGAQh4o8-pSDwKZYeLLK5uUtaDnJLCiGGvUkea4tktpUWInLM-sVrNf5EZgUW49IsNF&amp;__tn__=-]K-y-R\" target=\"_blank\" rel=\"noopener\">Secretar\u00eda de Seguridad Alimentaria y Nutricional-SESAN<\/a> acciona para mitigar el cambio clim\u00e1tico.<\/li>\n<li>El <a href=\"https:\/\/www.facebook.com\/CulturayDeportesGT?__cft__[0]=AZXkbCIw_6NSlnR_HnZarvNpCJ6ozlugGVO37UpD7eD15O71zPY7Z_k5haxxeovHVohB1U7WgGBsfNJlzANzOi9L1KbZcNuOwUL9NJO7PaW-CYai6n7-9lvrhMhIRFDud4a2eRGY3mzoaPA2BA0EOsGAQh4o8-pSDwKZYeLLK5uUtaDnJLCiGGvUkea4tktpUWInLM-sVrNf5EZgUW49IsNF&amp;__tn__=-]K-y-R\" target=\"_blank\" rel=\"noopener\">Ministerio de Cultura y Deportes Guatemala<\/a> present\u00f3 la segunda edici\u00f3n de la <a href=\"https:\/\/www.facebook.com\/hashtag\/rutagastron%C3%B3mica?__eep__=6&amp;__cft__[0]=AZXkbCIw_6NSlnR_HnZarvNpCJ6ozlugGVO37UpD7eD15O71zPY7Z_k5haxxeovHVohB1U7WgGBsfNJlzANzOi9L1KbZcNuOwUL9NJO7PaW-CYai6n7-9lvrhMhIRFDud4a2eRGY3mzoaPA2BA0EOsGAQh4o8-pSDwKZYeLLK5uUtaDnJLCiGGvUkea4tktpUWInLM-sVrNf5EZgUW49IsNF&amp;__tn__=*NK-y-R\" target=\"_blank\" rel=\"noopener\">#RutaGastron\u00f3mica<\/a>.<\/li>\n<\/ul>\n","protected":false},"excerpt":{"rendered":"<p>#ReporteNacional PNCdeGuatemala celebra su 26 aniversario. Juramentan a nueva ministra del Ministerio de Econom\u00eda Guatemala. Secretar\u00eda de Seguridad Alimentaria y Nutricional-SESAN acciona para mitigar el cambio clim\u00e1tico. El Ministerio de Cultura y Deportes Guatemala present\u00f3 la segunda edici\u00f3n de la #RutaGastron\u00f3mica.<\/p>\n","protected":false},"author":1,"featured_media":15742,"comment_status":"closed","ping_status":"open","sticky":false,"template":"","format":"video","meta":[],"categories":[183,6,205,202],"tags":[178],"_links":{"self":[{"href":"https:\/\/gobernacionaltaverapaz.gob.gt\/index.php?rest_route=\/wp\/v2\/posts\/15740"}],"collection":[{"href":"https:\/\/gobernacionaltaverapaz.gob.gt\/index.php?rest_route=\/wp\/v2\/posts"}],"about":[{"href":"https:\/\/gobernacionaltaverapaz.gob.gt\/index.php?rest_route=\/wp\/v2\/types\/post"}],"author":[{"embeddable":true,"href":"https:\/\/gobernacionaltaverapaz.gob.gt\/index.php?rest_route=\/wp\/v2\/users\/1"}],"replies":[{"embeddable":true,"href":"https:\/\/gobernacionaltaverapaz.gob.gt\/index.php?rest_route=%2Fwp%2Fv2%2Fcomments&post=15740"}],"version-history":[{"count":2,"href":"https:\/\/gobernacionaltaverapaz.gob.gt\/index.php?rest_route=\/wp\/v2\/posts\/15740\/revisions"}],"predecessor-version":[{"id":15744,"href":"https:\/\/gobernacionaltaverapaz.gob.gt\/index.php?rest_route=\/wp\/v2\/posts\/15740\/revisions\/15744"}],"wp:featuredmedia":[{"embeddable":true,"href":"https:\/\/gobernacionaltaverapaz.gob.gt\/index.php?rest_route=\/wp\/v2\/media\/15742"}],"wp:attachment":[{"href":"https:\/\/gobernacionaltaverapaz.gob.gt\/index.php?rest_route=%2Fwp%2Fv2%2Fmedia&parent=15740"}],"wp:term":[{"taxonomy":"category","embeddable":true,"href":"https:\/\/gobernacionaltaverapaz.gob.gt\/index.php?rest_route=%2Fwp%2Fv2%2Fcategories&post=15740"},{"taxonomy":"post_tag","embeddable":true,"href":"https:\/\/gobernacionaltaverapaz.gob.gt\/index.php?rest_route=%2Fwp%2Fv2%2Ftags&post=15740"}],"curies":[{"name":"wp","href":"https:\/\/api.w.org\/{rel}","templated":true}]}}