{"id":15762,"date":"2023-07-14T11:19:59","date_gmt":"2023-07-14T17:19:59","guid":{"rendered":"https:\/\/gobernacionaltaverapaz.gob.gt\/?p=15762"},"modified":"2023-08-02T11:04:58","modified_gmt":"2023-08-02T17:04:58","slug":"brigada-militar-mariscal-zavala-llevo-a-cabo-siembra-de-arboles-de-diferentes-especies-en-el-interior-de-sus-instalaciones","status":"publish","type":"post","link":"https:\/\/gobernacionaltaverapaz.gob.gt\/?p=15762","title":{"rendered":"Brigada Militar &#8220;Mariscal Zavala&#8221;, llev\u00f3 a cabo  siembra de \u00e1rboles de diferentes especies en el interior de sus instalaciones"},"content":{"rendered":"<p style=\"text-align: justify;\"><a href=\"https:\/\/www.facebook.com\/hashtag\/ej%C3%A9rcitogt?__eep__=6&amp;__cft__[0]=AZUtK-ZcekrsrhzVRRODCUW33EAGSiHInvtj1FvRIAGPD1J7sUhO1-VwVVpaJmyfnwdcBPpSOsmXWyu-szY_C8RcwVvbUq9robLdYi1zQ3RudOYRVxTkX4Ga1N-pg-A6XYqalv_o0X8Tbwxv2JPkgSFH2A7OoaogWkzMo-5moOpP-CE1fsz2ximhhJvzi0xq-najrL4eKtrYBOXDj96RpTwy&amp;__tn__=*NK-y-R\" target=\"_blank\" rel=\"noopener\">#Ej\u00e9rcitoGT<\/a> a trav\u00e9s de la Brigada Militar &#8220;Mariscal Zavala&#8221;, llev\u00f3 a cabo\u00a0 siembra de \u00e1rboles de diferentes especies en el interior de sus instalaciones, contribuyendo con el cuidado del medio ambiente.<\/p>\n<p><a href=\"https:\/\/www.facebook.com\/hashtag\/365d%C3%ADasalserviciodemipatria?__eep__=6&amp;__cft__[0]=AZUtK-ZcekrsrhzVRRODCUW33EAGSiHInvtj1FvRIAGPD1J7sUhO1-VwVVpaJmyfnwdcBPpSOsmXWyu-szY_C8RcwVvbUq9robLdYi1zQ3RudOYRVxTkX4Ga1N-pg-A6XYqalv_o0X8Tbwxv2JPkgSFH2A7OoaogWkzMo-5moOpP-CE1fsz2ximhhJvzi0xq-najrL4eKtrYBOXDj96RpTwy&amp;__tn__=*NK-y-R\" target=\"_blank\" rel=\"noopener\">#365D\u00edasAlServicioDeMiPatria<\/a><\/p>\n<p><img decoding=\"async\" loading=\"lazy\" class=\"alignnone size-full wp-image-15765\" src=\"https:\/\/gobernacionaltaverapaz.gob.gt\/wp-content\/uploads\/2023\/08\/003-12.jpg\" alt=\"\" width=\"900\" height=\"675\" srcset=\"https:\/\/gobernacionaltaverapaz.gob.gt\/wp-content\/uploads\/2023\/08\/003-12.jpg 900w, https:\/\/gobernacionaltaverapaz.gob.gt\/wp-content\/uploads\/2023\/08\/003-12-300x225.jpg 300w, https:\/\/gobernacionaltaverapaz.gob.gt\/wp-content\/uploads\/2023\/08\/003-12-768x576.jpg 768w\" sizes=\"(max-width: 900px) 100vw, 900px\" \/> <img decoding=\"async\" loading=\"lazy\" class=\"alignnone size-full wp-image-15764\" src=\"https:\/\/gobernacionaltaverapaz.gob.gt\/wp-content\/uploads\/2023\/08\/002-18.jpg\" alt=\"\" width=\"900\" height=\"675\" srcset=\"https:\/\/gobernacionaltaverapaz.gob.gt\/wp-content\/uploads\/2023\/08\/002-18.jpg 900w, https:\/\/gobernacionaltaverapaz.gob.gt\/wp-content\/uploads\/2023\/08\/002-18-300x225.jpg 300w, https:\/\/gobernacionaltaverapaz.gob.gt\/wp-content\/uploads\/2023\/08\/002-18-768x576.jpg 768w\" sizes=\"(max-width: 900px) 100vw, 900px\" \/><\/p>\n","protected":false},"excerpt":{"rendered":"<p>#Ej\u00e9rcitoGT a trav\u00e9s de la Brigada Militar &#8220;Mariscal Zavala&#8221;, llev\u00f3 a cabo\u00a0 siembra de \u00e1rboles de diferentes especies en el interior de sus instalaciones, contribuyendo con el cuidado del medio ambiente. #365D\u00edasAlServicioDeMiPatria<\/p>\n","protected":false},"author":1,"featured_media":15763,"comment_status":"closed","ping_status":"open","sticky":false,"template":"","format":"standard","meta":[],"categories":[6],"tags":[178],"_links":{"self":[{"href":"https:\/\/gobernacionaltaverapaz.gob.gt\/index.php?rest_route=\/wp\/v2\/posts\/15762"}],"collection":[{"href":"https:\/\/gobernacionaltaverapaz.gob.gt\/index.php?rest_route=\/wp\/v2\/posts"}],"about":[{"href":"https:\/\/gobernacionaltaverapaz.gob.gt\/index.php?rest_route=\/wp\/v2\/types\/post"}],"author":[{"embeddable":true,"href":"https:\/\/gobernacionaltaverapaz.gob.gt\/index.php?rest_route=\/wp\/v2\/users\/1"}],"replies":[{"embeddable":true,"href":"https:\/\/gobernacionaltaverapaz.gob.gt\/index.php?rest_route=%2Fwp%2Fv2%2Fcomments&post=15762"}],"version-history":[{"count":4,"href":"https:\/\/gobernacionaltaverapaz.gob.gt\/index.php?rest_route=\/wp\/v2\/posts\/15762\/revisions"}],"predecessor-version":[{"id":15769,"href":"https:\/\/gobernacionaltaverapaz.gob.gt\/index.php?rest_route=\/wp\/v2\/posts\/15762\/revisions\/15769"}],"wp:featuredmedia":[{"embeddable":true,"href":"https:\/\/gobernacionaltaverapaz.gob.gt\/index.php?rest_route=\/wp\/v2\/media\/15763"}],"wp:attachment":[{"href":"https:\/\/gobernacionaltaverapaz.gob.gt\/index.php?rest_route=%2Fwp%2Fv2%2Fmedia&parent=15762"}],"wp:term":[{"taxonomy":"category","embeddable":true,"href":"https:\/\/gobernacionaltaverapaz.gob.gt\/index.php?rest_route=%2Fwp%2Fv2%2Fcategories&post=15762"},{"taxonomy":"post_tag","embeddable":true,"href":"https:\/\/gobernacionaltaverapaz.gob.gt\/index.php?rest_route=%2Fwp%2Fv2%2Ftags&post=15762"}],"curies":[{"name":"wp","href":"https:\/\/api.w.org\/{rel}","templated":true}]}}