{"id":15783,"date":"2023-07-14T11:54:06","date_gmt":"2023-07-14T17:54:06","guid":{"rendered":"https:\/\/gobernacionaltaverapaz.gob.gt\/?p=15783"},"modified":"2023-08-02T11:42:06","modified_gmt":"2023-08-02T17:42:06","slug":"sra-gobernadora-departamental-sostuvo-reunion-este-dia-con-integrantes-de-codredav","status":"publish","type":"post","link":"https:\/\/gobernacionaltaverapaz.gob.gt\/?p=15783","title":{"rendered":"Sra. Gobernadora Departamental, sostuvo reuni\u00f3n este d\u00eda con integrantes de CODREDAV"},"content":{"rendered":"<p style=\"text-align: justify;\"><a href=\"https:\/\/www.facebook.com\/hashtag\/altaverapaz?__eep__=6&amp;__cft__[0]=AZUP3vngK4PAtSq4oEs50DyWEEG0KvnnDKxQc-zfOrWezVNHPolfBeIeAubqRSNmGIrBojFDLNSqUvwo7-0rG897Aoq1cSu7D17UIjG8ftB1R63gB_VENrFqmnxgKXrBiy5yXOuVbiDspFwWpL2R9f1PBDReIM8ZbA5WPJa36JU3oiF0pO9iZw1Aic1KeoJ3tpM&amp;__tn__=*NK-R\" target=\"_blank\" rel=\"noopener\">#AltaVerapaz\u00a0<\/a><\/p>\n<p style=\"text-align: justify;\">La Sra. Gobernadora Departamental, en su Calidad de Directora de la Coordinadora Departamental de Reducci\u00f3n de Desastres <a href=\"https:\/\/www.facebook.com\/hashtag\/codred?__eep__=6&amp;__cft__[0]=AZUP3vngK4PAtSq4oEs50DyWEEG0KvnnDKxQc-zfOrWezVNHPolfBeIeAubqRSNmGIrBojFDLNSqUvwo7-0rG897Aoq1cSu7D17UIjG8ftB1R63gB_VENrFqmnxgKXrBiy5yXOuVbiDspFwWpL2R9f1PBDReIM8ZbA5WPJa36JU3oiF0pO9iZw1Aic1KeoJ3tpM&amp;__tn__=*NK-R\" target=\"_blank\" rel=\"noopener\">#codred<\/a> de Alta Verapaz, sostuvo reuni\u00f3n este d\u00eda con integrantes de esta coordinadora, con el objetivo de decretar <a href=\"https:\/\/www.facebook.com\/hashtag\/alertaanaranjada?__eep__=6&amp;__cft__[0]=AZUP3vngK4PAtSq4oEs50DyWEEG0KvnnDKxQc-zfOrWezVNHPolfBeIeAubqRSNmGIrBojFDLNSqUvwo7-0rG897Aoq1cSu7D17UIjG8ftB1R63gB_VENrFqmnxgKXrBiy5yXOuVbiDspFwWpL2R9f1PBDReIM8ZbA5WPJa36JU3oiF0pO9iZw1Aic1KeoJ3tpM&amp;__tn__=*NK-R\" target=\"_blank\" rel=\"noopener\">#AlertaAnaranjada<\/a> Departamental, de acuerdo a la poblaci\u00f3n afectada actualmente y proyectada por los efectos del fen\u00f3meno del ni\u00f1o, temporada de incendios forestales #2022-2023 y eventos hidrometeorologicos por temporada de lluvias #2023, incluyendo la ACTIVACI\u00d3N del Centro de Operaciones de Emergencia -COE- Departamental.<\/p>\n<p style=\"text-align: justify;\"><a href=\"https:\/\/www.facebook.com\/hashtag\/elgobdelosguatemaltecos?__eep__=6&amp;__cft__[0]=AZUP3vngK4PAtSq4oEs50DyWEEG0KvnnDKxQc-zfOrWezVNHPolfBeIeAubqRSNmGIrBojFDLNSqUvwo7-0rG897Aoq1cSu7D17UIjG8ftB1R63gB_VENrFqmnxgKXrBiy5yXOuVbiDspFwWpL2R9f1PBDReIM8ZbA5WPJa36JU3oiF0pO9iZw1Aic1KeoJ3tpM&amp;__tn__=*NK-R\" target=\"_blank\" rel=\"noopener\">#ElGobDeLosGuatemaltecos<\/a><br \/>\n<a href=\"https:\/\/www.facebook.com\/hashtag\/unidostransformamosguatemala?__eep__=6&amp;__cft__[0]=AZUP3vngK4PAtSq4oEs50DyWEEG0KvnnDKxQc-zfOrWezVNHPolfBeIeAubqRSNmGIrBojFDLNSqUvwo7-0rG897Aoq1cSu7D17UIjG8ftB1R63gB_VENrFqmnxgKXrBiy5yXOuVbiDspFwWpL2R9f1PBDReIM8ZbA5WPJa36JU3oiF0pO9iZw1Aic1KeoJ3tpM&amp;__tn__=*NK-R\" target=\"_blank\" rel=\"noopener\">#UnidosTransformamosGuatemal<\/a><\/p>\n<div><\/div>\n","protected":false},"excerpt":{"rendered":"<p>Con el objetivo de decretar Alerta Anaranjada Departamental.<\/p>\n","protected":false},"author":1,"featured_media":15788,"comment_status":"closed","ping_status":"open","sticky":false,"template":"","format":"gallery","meta":[],"categories":[5,197],"tags":[178],"_links":{"self":[{"href":"https:\/\/gobernacionaltaverapaz.gob.gt\/index.php?rest_route=\/wp\/v2\/posts\/15783"}],"collection":[{"href":"https:\/\/gobernacionaltaverapaz.gob.gt\/index.php?rest_route=\/wp\/v2\/posts"}],"about":[{"href":"https:\/\/gobernacionaltaverapaz.gob.gt\/index.php?rest_route=\/wp\/v2\/types\/post"}],"author":[{"embeddable":true,"href":"https:\/\/gobernacionaltaverapaz.gob.gt\/index.php?rest_route=\/wp\/v2\/users\/1"}],"replies":[{"embeddable":true,"href":"https:\/\/gobernacionaltaverapaz.gob.gt\/index.php?rest_route=%2Fwp%2Fv2%2Fcomments&post=15783"}],"version-history":[{"count":6,"href":"https:\/\/gobernacionaltaverapaz.gob.gt\/index.php?rest_route=\/wp\/v2\/posts\/15783\/revisions"}],"predecessor-version":[{"id":15794,"href":"https:\/\/gobernacionaltaverapaz.gob.gt\/index.php?rest_route=\/wp\/v2\/posts\/15783\/revisions\/15794"}],"wp:featuredmedia":[{"embeddable":true,"href":"https:\/\/gobernacionaltaverapaz.gob.gt\/index.php?rest_route=\/wp\/v2\/media\/15788"}],"wp:attachment":[{"href":"https:\/\/gobernacionaltaverapaz.gob.gt\/index.php?rest_route=%2Fwp%2Fv2%2Fmedia&parent=15783"}],"wp:term":[{"taxonomy":"category","embeddable":true,"href":"https:\/\/gobernacionaltaverapaz.gob.gt\/index.php?rest_route=%2Fwp%2Fv2%2Fcategories&post=15783"},{"taxonomy":"post_tag","embeddable":true,"href":"https:\/\/gobernacionaltaverapaz.gob.gt\/index.php?rest_route=%2Fwp%2Fv2%2Ftags&post=15783"}],"curies":[{"name":"wp","href":"https:\/\/api.w.org\/{rel}","templated":true}]}}