{"id":15798,"date":"2023-07-17T08:20:11","date_gmt":"2023-07-17T14:20:11","guid":{"rendered":"https:\/\/gobernacionaltaverapaz.gob.gt\/?p=15798"},"modified":"2023-08-02T12:22:15","modified_gmt":"2023-08-02T18:22:15","slug":"79-aniversario-orquesta-sinfonica-nacional-de-guatemala-osn","status":"publish","type":"post","link":"https:\/\/gobernacionaltaverapaz.gob.gt\/?p=15798","title":{"rendered":"79 aniversario, Orquesta Sinf\u00f3nica Nacional -OSN-"},"content":{"rendered":"<p style=\"text-align: justify;\">En el marco de su 79 aniversario, la <a href=\"https:\/\/www.facebook.com\/osndeguatemala?__cft__[0]=AZURP1GLtvVEmziTo9gVs4Yw4KkDl662mgGaBnegd8RttoE9x1d5TFVUw9KJ1mL4u8gFZItXHywpHo9QuJi0p2IpiBCKC1p-yQSZ9FVGmPInC9WcXG1mR2oklIklyRububNXL2rK4jvAtTT8SqiECqiWBJovkMH96qc6yE4vj5jYc_r-f3300HtFNmTEJn00jc7oHXxx8xyQqWlaCBQKh0_0&amp;__tn__=-]K-y-R\" target=\"_blank\" rel=\"noopener\">Orquesta Sinf\u00f3nica Nacional de Guatemala -OSN-<\/a>, acompa\u00f1ada del Coro Nacional de Guatemala, engalan\u00f3 la Gran Sala Efra\u00edn Recinos del Centro Cultural Miguel \u00c1ngel Asturias con la interpretaci\u00f3n de la Sinfon\u00eda Nr.\u00ba 9 de Ludwig van Beethoven.<\/p>\n<div><\/div>\n","protected":false},"excerpt":{"rendered":"<p>En el marco de su 79 aniversario, la Orquesta Sinf\u00f3nica Nacional de Guatemala -OSN-, acompa\u00f1ada del Coro Nacional de Guatemala, engalan\u00f3 la Gran Sala Efra\u00edn Recinos del Centro Cultural Miguel \u00c1ngel Asturias con la interpretaci\u00f3n de la Sinfon\u00eda Nr.\u00ba 9 de Ludwig van Beethoven.<\/p>\n","protected":false},"author":1,"featured_media":15799,"comment_status":"closed","ping_status":"open","sticky":false,"template":"","format":"gallery","meta":[],"categories":[183,2],"tags":[178],"_links":{"self":[{"href":"https:\/\/gobernacionaltaverapaz.gob.gt\/index.php?rest_route=\/wp\/v2\/posts\/15798"}],"collection":[{"href":"https:\/\/gobernacionaltaverapaz.gob.gt\/index.php?rest_route=\/wp\/v2\/posts"}],"about":[{"href":"https:\/\/gobernacionaltaverapaz.gob.gt\/index.php?rest_route=\/wp\/v2\/types\/post"}],"author":[{"embeddable":true,"href":"https:\/\/gobernacionaltaverapaz.gob.gt\/index.php?rest_route=\/wp\/v2\/users\/1"}],"replies":[{"embeddable":true,"href":"https:\/\/gobernacionaltaverapaz.gob.gt\/index.php?rest_route=%2Fwp%2Fv2%2Fcomments&post=15798"}],"version-history":[{"count":5,"href":"https:\/\/gobernacionaltaverapaz.gob.gt\/index.php?rest_route=\/wp\/v2\/posts\/15798\/revisions"}],"predecessor-version":[{"id":15813,"href":"https:\/\/gobernacionaltaverapaz.gob.gt\/index.php?rest_route=\/wp\/v2\/posts\/15798\/revisions\/15813"}],"wp:featuredmedia":[{"embeddable":true,"href":"https:\/\/gobernacionaltaverapaz.gob.gt\/index.php?rest_route=\/wp\/v2\/media\/15799"}],"wp:attachment":[{"href":"https:\/\/gobernacionaltaverapaz.gob.gt\/index.php?rest_route=%2Fwp%2Fv2%2Fmedia&parent=15798"}],"wp:term":[{"taxonomy":"category","embeddable":true,"href":"https:\/\/gobernacionaltaverapaz.gob.gt\/index.php?rest_route=%2Fwp%2Fv2%2Fcategories&post=15798"},{"taxonomy":"post_tag","embeddable":true,"href":"https:\/\/gobernacionaltaverapaz.gob.gt\/index.php?rest_route=%2Fwp%2Fv2%2Ftags&post=15798"}],"curies":[{"name":"wp","href":"https:\/\/api.w.org\/{rel}","templated":true}]}}