{"id":15818,"date":"2023-07-17T10:58:25","date_gmt":"2023-07-17T16:58:25","guid":{"rendered":"https:\/\/gobernacionaltaverapaz.gob.gt\/?p=15818"},"modified":"2023-08-02T12:52:41","modified_gmt":"2023-08-02T18:52:41","slug":"descombramiento-de-una-vivienda-afectada-por-las-fuertes-lluvias-en-caserio-valle-san-francisco-siquinala-escuintla","status":"publish","type":"post","link":"https:\/\/gobernacionaltaverapaz.gob.gt\/?p=15818","title":{"rendered":"Descombramiento de una vivienda afectada por las fuertes lluvias en Caser\u00edo Valle San Francisco, Siquinal\u00e1, Escuintla"},"content":{"rendered":"<p style=\"text-align: justify;\"><a href=\"https:\/\/www.facebook.com\/hashtag\/ej%C3%A9rcitogt?__eep__=6&amp;__cft__[0]=AZX5xfjTS-DrVMU-l2rlPOJ-pE2yz6zms4gT5h61W4DwjnKnJ2VTG4NSzCRt3p2QRUmiArByu7C8U3qMgQZWFyqDIwGnIl9ilu5x1MEJoy2sYZ64oOv_I87NxheHjoIWwpmtUfpLJZX5Ic-o8JoDoH59D14qegBQCi9kBpyicbOYQ7QBgRUypmJ9lbHzTlJOvES22usgo7NjnJMCDCbVpY2y&amp;__tn__=*NK-y-R\" target=\"_blank\" rel=\"noopener\">#Ej\u00e9rcitoGT<\/a> a trav\u00e9s de la Cuarta Brigada de Infanter\u00eda en coordinaci\u00f3n con <a href=\"https:\/\/www.facebook.com\/conredgt?__cft__[0]=AZX5xfjTS-DrVMU-l2rlPOJ-pE2yz6zms4gT5h61W4DwjnKnJ2VTG4NSzCRt3p2QRUmiArByu7C8U3qMgQZWFyqDIwGnIl9ilu5x1MEJoy2sYZ64oOv_I87NxheHjoIWwpmtUfpLJZX5Ic-o8JoDoH59D14qegBQCi9kBpyicbOYQ7QBgRUypmJ9lbHzTlJOvES22usgo7NjnJMCDCbVpY2y&amp;__tn__=-]K-y-R\" target=\"_blank\" rel=\"noopener\">Conred<\/a>, apoyaron en el descombramiento de una vivienda afectada por las fuertes lluvias en Caser\u00edo Valle San Francisco, Siquinal\u00e1, <a href=\"https:\/\/www.facebook.com\/hashtag\/escuintla?__eep__=6&amp;__cft__[0]=AZX5xfjTS-DrVMU-l2rlPOJ-pE2yz6zms4gT5h61W4DwjnKnJ2VTG4NSzCRt3p2QRUmiArByu7C8U3qMgQZWFyqDIwGnIl9ilu5x1MEJoy2sYZ64oOv_I87NxheHjoIWwpmtUfpLJZX5Ic-o8JoDoH59D14qegBQCi9kBpyicbOYQ7QBgRUypmJ9lbHzTlJOvES22usgo7NjnJMCDCbVpY2y&amp;__tn__=*NK-y-R\" target=\"_blank\" rel=\"noopener\">#Escuintla<\/a>.<\/p>\n<p><a href=\"https:\/\/www.facebook.com\/hashtag\/365d%C3%ADasalserviciodemipatria?__eep__=6&amp;__cft__[0]=AZX5xfjTS-DrVMU-l2rlPOJ-pE2yz6zms4gT5h61W4DwjnKnJ2VTG4NSzCRt3p2QRUmiArByu7C8U3qMgQZWFyqDIwGnIl9ilu5x1MEJoy2sYZ64oOv_I87NxheHjoIWwpmtUfpLJZX5Ic-o8JoDoH59D14qegBQCi9kBpyicbOYQ7QBgRUypmJ9lbHzTlJOvES22usgo7NjnJMCDCbVpY2y&amp;__tn__=*NK-y-R\" target=\"_blank\" rel=\"noopener\">#365D\u00edasAlServicioDeMiPatria<\/a><\/p>\n<div><\/div>\n","protected":false},"excerpt":{"rendered":"<p>#Ej\u00e9rcitoGT a trav\u00e9s de la Cuarta Brigada de Infanter\u00eda en coordinaci\u00f3n con Conred, apoyaron en el descombramiento de una vivienda afectada por las fuertes lluvias en Caser\u00edo Valle San Francisco, Siquinal\u00e1, #Escuintla. #365D\u00edasAlServicioDeMiPatria<\/p>\n","protected":false},"author":1,"featured_media":15823,"comment_status":"closed","ping_status":"open","sticky":false,"template":"","format":"gallery","meta":[],"categories":[197],"tags":[178],"_links":{"self":[{"href":"https:\/\/gobernacionaltaverapaz.gob.gt\/index.php?rest_route=\/wp\/v2\/posts\/15818"}],"collection":[{"href":"https:\/\/gobernacionaltaverapaz.gob.gt\/index.php?rest_route=\/wp\/v2\/posts"}],"about":[{"href":"https:\/\/gobernacionaltaverapaz.gob.gt\/index.php?rest_route=\/wp\/v2\/types\/post"}],"author":[{"embeddable":true,"href":"https:\/\/gobernacionaltaverapaz.gob.gt\/index.php?rest_route=\/wp\/v2\/users\/1"}],"replies":[{"embeddable":true,"href":"https:\/\/gobernacionaltaverapaz.gob.gt\/index.php?rest_route=%2Fwp%2Fv2%2Fcomments&post=15818"}],"version-history":[{"count":3,"href":"https:\/\/gobernacionaltaverapaz.gob.gt\/index.php?rest_route=\/wp\/v2\/posts\/15818\/revisions"}],"predecessor-version":[{"id":15826,"href":"https:\/\/gobernacionaltaverapaz.gob.gt\/index.php?rest_route=\/wp\/v2\/posts\/15818\/revisions\/15826"}],"wp:featuredmedia":[{"embeddable":true,"href":"https:\/\/gobernacionaltaverapaz.gob.gt\/index.php?rest_route=\/wp\/v2\/media\/15823"}],"wp:attachment":[{"href":"https:\/\/gobernacionaltaverapaz.gob.gt\/index.php?rest_route=%2Fwp%2Fv2%2Fmedia&parent=15818"}],"wp:term":[{"taxonomy":"category","embeddable":true,"href":"https:\/\/gobernacionaltaverapaz.gob.gt\/index.php?rest_route=%2Fwp%2Fv2%2Fcategories&post=15818"},{"taxonomy":"post_tag","embeddable":true,"href":"https:\/\/gobernacionaltaverapaz.gob.gt\/index.php?rest_route=%2Fwp%2Fv2%2Ftags&post=15818"}],"curies":[{"name":"wp","href":"https:\/\/api.w.org\/{rel}","templated":true}]}}