{"id":15845,"date":"2023-07-17T21:38:09","date_gmt":"2023-07-18T03:38:09","guid":{"rendered":"https:\/\/gobernacionaltaverapaz.gob.gt\/?p=15845"},"modified":"2023-08-02T15:51:03","modified_gmt":"2023-08-02T21:51:03","slug":"reporte-nacional-12","status":"publish","type":"post","link":"https:\/\/gobernacionaltaverapaz.gob.gt\/?p=15845","title":{"rendered":"Reporte Nacional"},"content":{"rendered":"<p><a href=\"https:\/\/www.facebook.com\/guatemalagob\/videos\/107999659034308\/\" target=\"_blank\" rel=\"noopener\"><img decoding=\"async\" loading=\"lazy\" class=\"alignnone wp-image-15846 size-full\" title=\"Ver video\" src=\"https:\/\/gobernacionaltaverapaz.gob.gt\/wp-content\/uploads\/2023\/08\/001-29.jpg\" alt=\"\" width=\"900\" height=\"600\" srcset=\"https:\/\/gobernacionaltaverapaz.gob.gt\/wp-content\/uploads\/2023\/08\/001-29.jpg 900w, https:\/\/gobernacionaltaverapaz.gob.gt\/wp-content\/uploads\/2023\/08\/001-29-300x200.jpg 300w, https:\/\/gobernacionaltaverapaz.gob.gt\/wp-content\/uploads\/2023\/08\/001-29-768x512.jpg 768w\" sizes=\"(max-width: 900px) 100vw, 900px\" \/><\/a><\/p>\n<p><a href=\"https:\/\/www.facebook.com\/hashtag\/reportenacional?__eep__=6&amp;__cft__[0]=AZUwdyPnwE_b0LozYrgcpaAxzekjzekZ4Q9fjSOZ6Q08V86aT4A_5TyGMVqUxqN93s2EUZabikLVkgXC0fwkaOM7rGPjDr5g_Og9tMyt6rFe0hZHMRjNEV65K0Dov6qQEJQgudx7fZoB4DF6xkAagfbCqLN7XVa5mZpKJ2M3nawp_IQHa6g6dEWs-gByPIHAyZt61Z2uX0cxpeFXaDvUwjvA&amp;__tn__=*NK-y-R\" target=\"_blank\" rel=\"noopener\">#ReporteNacional<\/a> \/ 17 de julio de 2023<\/p>\n<ul>\n<li>Guatemala participa en la III Cumbre <a href=\"https:\/\/www.facebook.com\/hashtag\/ue?__eep__=6&amp;__cft__[0]=AZUwdyPnwE_b0LozYrgcpaAxzekjzekZ4Q9fjSOZ6Q08V86aT4A_5TyGMVqUxqN93s2EUZabikLVkgXC0fwkaOM7rGPjDr5g_Og9tMyt6rFe0hZHMRjNEV65K0Dov6qQEJQgudx7fZoB4DF6xkAagfbCqLN7XVa5mZpKJ2M3nawp_IQHa6g6dEWs-gByPIHAyZt61Z2uX0cxpeFXaDvUwjvA&amp;__tn__=*NK-y-R\" target=\"_blank\" rel=\"noopener\">#UE<\/a>&#8211;<a href=\"https:\/\/www.facebook.com\/hashtag\/celac?__eep__=6&amp;__cft__[0]=AZUwdyPnwE_b0LozYrgcpaAxzekjzekZ4Q9fjSOZ6Q08V86aT4A_5TyGMVqUxqN93s2EUZabikLVkgXC0fwkaOM7rGPjDr5g_Og9tMyt6rFe0hZHMRjNEV65K0Dov6qQEJQgudx7fZoB4DF6xkAagfbCqLN7XVa5mZpKJ2M3nawp_IQHa6g6dEWs-gByPIHAyZt61Z2uX0cxpeFXaDvUwjvA&amp;__tn__=*NK-y-R\" target=\"_blank\" rel=\"noopener\">#CELAC<\/a><\/li>\n<li>M\u00e1s de 500 personas participaron en la gira para socializar el <a href=\"https:\/\/www.facebook.com\/hashtag\/reglamento164?__eep__=6&amp;__cft__[0]=AZUwdyPnwE_b0LozYrgcpaAxzekjzekZ4Q9fjSOZ6Q08V86aT4A_5TyGMVqUxqN93s2EUZabikLVkgXC0fwkaOM7rGPjDr5g_Og9tMyt6rFe0hZHMRjNEV65K0Dov6qQEJQgudx7fZoB4DF6xkAagfbCqLN7XVa5mZpKJ2M3nawp_IQHa6g6dEWs-gByPIHAyZt61Z2uX0cxpeFXaDvUwjvA&amp;__tn__=*NK-y-R\" target=\"_blank\" rel=\"noopener\">#Reglamento164<\/a><\/li>\n<li>Contin\u00faan acciones para el saneamiento del r\u00edo Motagua<\/li>\n<li><a href=\"https:\/\/www.facebook.com\/MinexGt?__cft__[0]=AZUwdyPnwE_b0LozYrgcpaAxzekjzekZ4Q9fjSOZ6Q08V86aT4A_5TyGMVqUxqN93s2EUZabikLVkgXC0fwkaOM7rGPjDr5g_Og9tMyt6rFe0hZHMRjNEV65K0Dov6qQEJQgudx7fZoB4DF6xkAagfbCqLN7XVa5mZpKJ2M3nawp_IQHa6g6dEWs-gByPIHAyZt61Z2uX0cxpeFXaDvUwjvA&amp;__tn__=-]K-y-R\" target=\"_blank\" rel=\"noopener\">Minex Guatemala<\/a> lanza la <a href=\"https:\/\/www.facebook.com\/radiominexgt?__cft__[0]=AZUwdyPnwE_b0LozYrgcpaAxzekjzekZ4Q9fjSOZ6Q08V86aT4A_5TyGMVqUxqN93s2EUZabikLVkgXC0fwkaOM7rGPjDr5g_Og9tMyt6rFe0hZHMRjNEV65K0Dov6qQEJQgudx7fZoB4DF6xkAagfbCqLN7XVa5mZpKJ2M3nawp_IQHa6g6dEWs-gByPIHAyZt61Z2uX0cxpeFXaDvUwjvA&amp;__tn__=-]K-y-R\" target=\"_blank\" rel=\"noopener\">Radio Minex GT<\/a><\/li>\n<\/ul>\n","protected":false},"excerpt":{"rendered":"<p>#ReporteNacional \/ 17 de julio de 2023 Guatemala participa en la III Cumbre #UE&#8211;#CELAC M\u00e1s de 500 personas participaron en la gira para socializar el #Reglamento164 Contin\u00faan acciones para el saneamiento del r\u00edo Motagua Minex Guatemala lanza la Radio Minex GT<\/p>\n","protected":false},"author":1,"featured_media":15847,"comment_status":"closed","ping_status":"open","sticky":false,"template":"","format":"video","meta":[],"categories":[183,205],"tags":[178],"_links":{"self":[{"href":"https:\/\/gobernacionaltaverapaz.gob.gt\/index.php?rest_route=\/wp\/v2\/posts\/15845"}],"collection":[{"href":"https:\/\/gobernacionaltaverapaz.gob.gt\/index.php?rest_route=\/wp\/v2\/posts"}],"about":[{"href":"https:\/\/gobernacionaltaverapaz.gob.gt\/index.php?rest_route=\/wp\/v2\/types\/post"}],"author":[{"embeddable":true,"href":"https:\/\/gobernacionaltaverapaz.gob.gt\/index.php?rest_route=\/wp\/v2\/users\/1"}],"replies":[{"embeddable":true,"href":"https:\/\/gobernacionaltaverapaz.gob.gt\/index.php?rest_route=%2Fwp%2Fv2%2Fcomments&post=15845"}],"version-history":[{"count":2,"href":"https:\/\/gobernacionaltaverapaz.gob.gt\/index.php?rest_route=\/wp\/v2\/posts\/15845\/revisions"}],"predecessor-version":[{"id":15849,"href":"https:\/\/gobernacionaltaverapaz.gob.gt\/index.php?rest_route=\/wp\/v2\/posts\/15845\/revisions\/15849"}],"wp:featuredmedia":[{"embeddable":true,"href":"https:\/\/gobernacionaltaverapaz.gob.gt\/index.php?rest_route=\/wp\/v2\/media\/15847"}],"wp:attachment":[{"href":"https:\/\/gobernacionaltaverapaz.gob.gt\/index.php?rest_route=%2Fwp%2Fv2%2Fmedia&parent=15845"}],"wp:term":[{"taxonomy":"category","embeddable":true,"href":"https:\/\/gobernacionaltaverapaz.gob.gt\/index.php?rest_route=%2Fwp%2Fv2%2Fcategories&post=15845"},{"taxonomy":"post_tag","embeddable":true,"href":"https:\/\/gobernacionaltaverapaz.gob.gt\/index.php?rest_route=%2Fwp%2Fv2%2Ftags&post=15845"}],"curies":[{"name":"wp","href":"https:\/\/api.w.org\/{rel}","templated":true}]}}