{"id":15851,"date":"2023-07-18T11:01:45","date_gmt":"2023-07-18T17:01:45","guid":{"rendered":"https:\/\/gobernacionaltaverapaz.gob.gt\/?p=15851"},"modified":"2023-08-02T16:27:38","modified_gmt":"2023-08-02T22:27:38","slug":"reunion-con-delegados-del-ministerio-de-salud-publica-y-asistencia-social-secretaria-de-seguridad-alimentaria-y-nutricional-sesan-y-secretaria-de-obras-sociales-de-la-esposa-del-presidente","status":"publish","type":"post","link":"https:\/\/gobernacionaltaverapaz.gob.gt\/?p=15851","title":{"rendered":"Reuni\u00f3n con delegados del Ministerio de Salud P\u00fablica y Asistencia Social, Secretar\u00eda de Seguridad Alimentaria y Nutricional-SESAN y Secretar\u00eda de Obras Sociales de la Esposa del Presidente"},"content":{"rendered":"<p style=\"text-align: justify;\"><a href=\"https:\/\/www.facebook.com\/hashtag\/ahora?__eep__=6&amp;__cft__[0]=AZUXD0PVFMrzfisuX2tSV3QDdfT-pavg7LGnTUnD1rMmpNseNo6OCm32CzZObOYmjxcSMEVvDdK62mUCan8AFjtAc7NBZAHGXCOUwaLucfSQ95oXIyCxmldi_s1mnxAUaiXj-jjGlw7dkadIo4gq18ixWy0NbYkk-DpCaOfgW4fGPIzxrhxiTUadGZeTjGhIF0w&amp;__tn__=*NK-R\" target=\"_blank\" rel=\"noopener\">#AHORA<\/a>| Con el objetivo de abordar la situaci\u00f3n de morbilidad y mortalidad infantil por desnutrici\u00f3n aguda en el Departamento, la Sra. Gobernadora de <a href=\"https:\/\/www.facebook.com\/hashtag\/altaverapaz?__eep__=6&amp;__cft__[0]=AZUXD0PVFMrzfisuX2tSV3QDdfT-pavg7LGnTUnD1rMmpNseNo6OCm32CzZObOYmjxcSMEVvDdK62mUCan8AFjtAc7NBZAHGXCOUwaLucfSQ95oXIyCxmldi_s1mnxAUaiXj-jjGlw7dkadIo4gq18ixWy0NbYkk-DpCaOfgW4fGPIzxrhxiTUadGZeTjGhIF0w&amp;__tn__=*NK-R\" target=\"_blank\" rel=\"noopener\">#AltaVerapaz<\/a>, desarrolla reuni\u00f3n con delegados del <a href=\"https:\/\/www.facebook.com\/MinisteriodeSaludPublicayAsistenciaSocial?__cft__[0]=AZUXD0PVFMrzfisuX2tSV3QDdfT-pavg7LGnTUnD1rMmpNseNo6OCm32CzZObOYmjxcSMEVvDdK62mUCan8AFjtAc7NBZAHGXCOUwaLucfSQ95oXIyCxmldi_s1mnxAUaiXj-jjGlw7dkadIo4gq18ixWy0NbYkk-DpCaOfgW4fGPIzxrhxiTUadGZeTjGhIF0w&amp;__tn__=-]K-R\" target=\"_blank\" rel=\"noopener\">Ministerio de Salud P\u00fablica y Asistencia Social<\/a>, <a href=\"https:\/\/www.facebook.com\/Sesangt?__cft__[0]=AZUXD0PVFMrzfisuX2tSV3QDdfT-pavg7LGnTUnD1rMmpNseNo6OCm32CzZObOYmjxcSMEVvDdK62mUCan8AFjtAc7NBZAHGXCOUwaLucfSQ95oXIyCxmldi_s1mnxAUaiXj-jjGlw7dkadIo4gq18ixWy0NbYkk-DpCaOfgW4fGPIzxrhxiTUadGZeTjGhIF0w&amp;__tn__=-]K-R\" target=\"_blank\" rel=\"noopener\">Secretar\u00eda de Seguridad Alimentaria y Nutricional-SESAN<\/a> y <a href=\"https:\/\/www.facebook.com\/sosepguatemala?__cft__[0]=AZUXD0PVFMrzfisuX2tSV3QDdfT-pavg7LGnTUnD1rMmpNseNo6OCm32CzZObOYmjxcSMEVvDdK62mUCan8AFjtAc7NBZAHGXCOUwaLucfSQ95oXIyCxmldi_s1mnxAUaiXj-jjGlw7dkadIo4gq18ixWy0NbYkk-DpCaOfgW4fGPIzxrhxiTUadGZeTjGhIF0w&amp;__tn__=-]K-R\" target=\"_blank\" rel=\"noopener\">Secretar\u00eda de Obras Sociales de la Esposa del Presidente<\/a>.<\/p>\n<p><a href=\"https:\/\/www.facebook.com\/hashtag\/elgobdelosguatemaltecos?__eep__=6&amp;__cft__[0]=AZUXD0PVFMrzfisuX2tSV3QDdfT-pavg7LGnTUnD1rMmpNseNo6OCm32CzZObOYmjxcSMEVvDdK62mUCan8AFjtAc7NBZAHGXCOUwaLucfSQ95oXIyCxmldi_s1mnxAUaiXj-jjGlw7dkadIo4gq18ixWy0NbYkk-DpCaOfgW4fGPIzxrhxiTUadGZeTjGhIF0w&amp;__tn__=*NK-R\" target=\"_blank\" rel=\"noopener\">#ElGobDeLosGuatemaltecos<\/a><br \/>\n<a href=\"https:\/\/www.facebook.com\/hashtag\/unidostransformamosguatemala?__eep__=6&amp;__cft__[0]=AZUXD0PVFMrzfisuX2tSV3QDdfT-pavg7LGnTUnD1rMmpNseNo6OCm32CzZObOYmjxcSMEVvDdK62mUCan8AFjtAc7NBZAHGXCOUwaLucfSQ95oXIyCxmldi_s1mnxAUaiXj-jjGlw7dkadIo4gq18ixWy0NbYkk-DpCaOfgW4fGPIzxrhxiTUadGZeTjGhIF0w&amp;__tn__=*NK-R\" target=\"_blank\" rel=\"noopener\">#UnidosTransformamosGuatemala<\/a><\/p>\n<div><\/div>\n","protected":false},"excerpt":{"rendered":"<p>#AHORA| Con el objetivo de abordar la situaci\u00f3n de morbilidad y mortalidad infantil por desnutrici\u00f3n aguda en el Departamento, la Sra. Gobernadora de #AltaVerapaz, desarrolla reuni\u00f3n con delegados del Ministerio de Salud P\u00fablica y Asistencia Social, Secretar\u00eda de Seguridad Alimentaria y Nutricional-SESAN y Secretar\u00eda de Obras Sociales de la Esposa del Presidente. #ElGobDeLosGuatemaltecos #UnidosTransformamosGuatemala<\/p>\n","protected":false},"author":1,"featured_media":15856,"comment_status":"closed","ping_status":"open","sticky":false,"template":"","format":"gallery","meta":[],"categories":[5,202],"tags":[178],"_links":{"self":[{"href":"https:\/\/gobernacionaltaverapaz.gob.gt\/index.php?rest_route=\/wp\/v2\/posts\/15851"}],"collection":[{"href":"https:\/\/gobernacionaltaverapaz.gob.gt\/index.php?rest_route=\/wp\/v2\/posts"}],"about":[{"href":"https:\/\/gobernacionaltaverapaz.gob.gt\/index.php?rest_route=\/wp\/v2\/types\/post"}],"author":[{"embeddable":true,"href":"https:\/\/gobernacionaltaverapaz.gob.gt\/index.php?rest_route=\/wp\/v2\/users\/1"}],"replies":[{"embeddable":true,"href":"https:\/\/gobernacionaltaverapaz.gob.gt\/index.php?rest_route=%2Fwp%2Fv2%2Fcomments&post=15851"}],"version-history":[{"count":2,"href":"https:\/\/gobernacionaltaverapaz.gob.gt\/index.php?rest_route=\/wp\/v2\/posts\/15851\/revisions"}],"predecessor-version":[{"id":15858,"href":"https:\/\/gobernacionaltaverapaz.gob.gt\/index.php?rest_route=\/wp\/v2\/posts\/15851\/revisions\/15858"}],"wp:featuredmedia":[{"embeddable":true,"href":"https:\/\/gobernacionaltaverapaz.gob.gt\/index.php?rest_route=\/wp\/v2\/media\/15856"}],"wp:attachment":[{"href":"https:\/\/gobernacionaltaverapaz.gob.gt\/index.php?rest_route=%2Fwp%2Fv2%2Fmedia&parent=15851"}],"wp:term":[{"taxonomy":"category","embeddable":true,"href":"https:\/\/gobernacionaltaverapaz.gob.gt\/index.php?rest_route=%2Fwp%2Fv2%2Fcategories&post=15851"},{"taxonomy":"post_tag","embeddable":true,"href":"https:\/\/gobernacionaltaverapaz.gob.gt\/index.php?rest_route=%2Fwp%2Fv2%2Ftags&post=15851"}],"curies":[{"name":"wp","href":"https:\/\/api.w.org\/{rel}","templated":true}]}}