{"id":15892,"date":"2023-07-19T14:48:11","date_gmt":"2023-07-19T20:48:11","guid":{"rendered":"https:\/\/gobernacionaltaverapaz.gob.gt\/?p=15892"},"modified":"2023-08-03T10:06:26","modified_gmt":"2023-08-03T16:06:26","slug":"presidente-alejandro-giammattei-lidero-la-mesa-multisectorial-de-reconstruccion","status":"publish","type":"post","link":"https:\/\/gobernacionaltaverapaz.gob.gt\/?p=15892","title":{"rendered":"Presidente Alejandro Giammattei lider\u00f3 la Mesa Multisectorial de Reconstrucci\u00f3n"},"content":{"rendered":"<p style=\"text-align: justify;\">El presidente <a href=\"https:\/\/www.facebook.com\/AlejandroGiammattei?__cft__[0]=AZXKuDGc7wUjGQ04_rCRaO2beGDwsCva3VcHPWbpIEVOnxL0YAWVhrn-jfAwjA50ft_1CWMt_XxCvsLSlI4-iUguEe_3US-jjr1pXmQ9mcFXtII0_RHLdNDC977Jl9ZjWaDRKztqYBcd21NJEv1G9zBV9CvN4LgqrUHjROU4ZHe6SB8T1of3bwjxSL0MGSUkJi8B7vxuVuQ8gU3pDgVEr_nO&amp;__tn__=-]K-y-R\" target=\"_blank\" rel=\"noopener\">Alejandro Giammattei<\/a> lider\u00f3 la Mesa Multisectorial de Reconstrucci\u00f3n conformada por <a href=\"https:\/\/www.facebook.com\/civguate?__cft__[0]=AZXKuDGc7wUjGQ04_rCRaO2beGDwsCva3VcHPWbpIEVOnxL0YAWVhrn-jfAwjA50ft_1CWMt_XxCvsLSlI4-iUguEe_3US-jjr1pXmQ9mcFXtII0_RHLdNDC977Jl9ZjWaDRKztqYBcd21NJEv1G9zBV9CvN4LgqrUHjROU4ZHe6SB8T1of3bwjxSL0MGSUkJi8B7vxuVuQ8gU3pDgVEr_nO&amp;__tn__=-]K-y-R\" target=\"_blank\" rel=\"noopener\">Conred, CIV- Ministerio de Comunicaciones<\/a>, <a href=\"https:\/\/www.facebook.com\/EjercitoGT?__cft__[0]=AZXKuDGc7wUjGQ04_rCRaO2beGDwsCva3VcHPWbpIEVOnxL0YAWVhrn-jfAwjA50ft_1CWMt_XxCvsLSlI4-iUguEe_3US-jjr1pXmQ9mcFXtII0_RHLdNDC977Jl9ZjWaDRKztqYBcd21NJEv1G9zBV9CvN4LgqrUHjROU4ZHe6SB8T1of3bwjxSL0MGSUkJi8B7vxuVuQ8gU3pDgVEr_nO&amp;__tn__=-]K-y-R\" target=\"_blank\" rel=\"noopener\">Ej\u00e9rcito GT Oficial<\/a>, <a href=\"https:\/\/www.facebook.com\/maga.gt?__cft__[0]=AZXKuDGc7wUjGQ04_rCRaO2beGDwsCva3VcHPWbpIEVOnxL0YAWVhrn-jfAwjA50ft_1CWMt_XxCvsLSlI4-iUguEe_3US-jjr1pXmQ9mcFXtII0_RHLdNDC977Jl9ZjWaDRKztqYBcd21NJEv1G9zBV9CvN4LgqrUHjROU4ZHe6SB8T1of3bwjxSL0MGSUkJi8B7vxuVuQ8gU3pDgVEr_nO&amp;__tn__=-]K-y-R\" target=\"_blank\" rel=\"noopener\">Ministerio de Agricultura, Ganader\u00eda y Alimentaci\u00f3n &#8211; MAGA<\/a> y <a href=\"https:\/\/www.facebook.com\/MidesGuatemala?__cft__[0]=AZXKuDGc7wUjGQ04_rCRaO2beGDwsCva3VcHPWbpIEVOnxL0YAWVhrn-jfAwjA50ft_1CWMt_XxCvsLSlI4-iUguEe_3US-jjr1pXmQ9mcFXtII0_RHLdNDC977Jl9ZjWaDRKztqYBcd21NJEv1G9zBV9CvN4LgqrUHjROU4ZHe6SB8T1of3bwjxSL0MGSUkJi8B7vxuVuQ8gU3pDgVEr_nO&amp;__tn__=-]K-y-R\" target=\"_blank\" rel=\"noopener\">Mides Guatemala<\/a> donde presentaron los logros alcanzados en atenci\u00f3n a la poblaci\u00f3n afectada por fen\u00f3menos naturales. <a href=\"https:\/\/www.facebook.com\/hashtag\/cumpli%C3%A9ndoleaguate?__eep__=6&amp;__cft__[0]=AZXKuDGc7wUjGQ04_rCRaO2beGDwsCva3VcHPWbpIEVOnxL0YAWVhrn-jfAwjA50ft_1CWMt_XxCvsLSlI4-iUguEe_3US-jjr1pXmQ9mcFXtII0_RHLdNDC977Jl9ZjWaDRKztqYBcd21NJEv1G9zBV9CvN4LgqrUHjROU4ZHe6SB8T1of3bwjxSL0MGSUkJi8B7vxuVuQ8gU3pDgVEr_nO&amp;__tn__=*NK-y-R\" target=\"_blank\" rel=\"noopener\">#Cumpli\u00e9ndoleAGuate<\/a><\/p>\n<p><img decoding=\"async\" loading=\"lazy\" class=\"alignnone size-full wp-image-15895\" src=\"https:\/\/gobernacionaltaverapaz.gob.gt\/wp-content\/uploads\/2023\/08\/003-21.jpg\" alt=\"\" width=\"900\" height=\"600\" srcset=\"https:\/\/gobernacionaltaverapaz.gob.gt\/wp-content\/uploads\/2023\/08\/003-21.jpg 900w, https:\/\/gobernacionaltaverapaz.gob.gt\/wp-content\/uploads\/2023\/08\/003-21-300x200.jpg 300w, https:\/\/gobernacionaltaverapaz.gob.gt\/wp-content\/uploads\/2023\/08\/003-21-768x512.jpg 768w\" sizes=\"(max-width: 900px) 100vw, 900px\" \/> <img decoding=\"async\" loading=\"lazy\" class=\"alignnone size-full wp-image-15894\" src=\"https:\/\/gobernacionaltaverapaz.gob.gt\/wp-content\/uploads\/2023\/08\/002-32.jpg\" alt=\"\" width=\"900\" height=\"600\" srcset=\"https:\/\/gobernacionaltaverapaz.gob.gt\/wp-content\/uploads\/2023\/08\/002-32.jpg 900w, https:\/\/gobernacionaltaverapaz.gob.gt\/wp-content\/uploads\/2023\/08\/002-32-300x200.jpg 300w, https:\/\/gobernacionaltaverapaz.gob.gt\/wp-content\/uploads\/2023\/08\/002-32-768x512.jpg 768w\" sizes=\"(max-width: 900px) 100vw, 900px\" \/><\/p>\n","protected":false},"excerpt":{"rendered":"<p>El presidente Alejandro Giammattei lider\u00f3 la Mesa Multisectorial de Reconstrucci\u00f3n conformada por Conred, CIV- Ministerio de Comunicaciones, Ej\u00e9rcito GT Oficial, Ministerio de Agricultura, Ganader\u00eda y Alimentaci\u00f3n &#8211; MAGA y Mides Guatemala donde presentaron los logros alcanzados en atenci\u00f3n a la poblaci\u00f3n afectada por fen\u00f3menos naturales. #Cumpli\u00e9ndoleAGuate<\/p>\n","protected":false},"author":1,"featured_media":15893,"comment_status":"closed","ping_status":"open","sticky":false,"template":"","format":"standard","meta":[],"categories":[199],"tags":[178],"_links":{"self":[{"href":"https:\/\/gobernacionaltaverapaz.gob.gt\/index.php?rest_route=\/wp\/v2\/posts\/15892"}],"collection":[{"href":"https:\/\/gobernacionaltaverapaz.gob.gt\/index.php?rest_route=\/wp\/v2\/posts"}],"about":[{"href":"https:\/\/gobernacionaltaverapaz.gob.gt\/index.php?rest_route=\/wp\/v2\/types\/post"}],"author":[{"embeddable":true,"href":"https:\/\/gobernacionaltaverapaz.gob.gt\/index.php?rest_route=\/wp\/v2\/users\/1"}],"replies":[{"embeddable":true,"href":"https:\/\/gobernacionaltaverapaz.gob.gt\/index.php?rest_route=%2Fwp%2Fv2%2Fcomments&post=15892"}],"version-history":[{"count":1,"href":"https:\/\/gobernacionaltaverapaz.gob.gt\/index.php?rest_route=\/wp\/v2\/posts\/15892\/revisions"}],"predecessor-version":[{"id":15896,"href":"https:\/\/gobernacionaltaverapaz.gob.gt\/index.php?rest_route=\/wp\/v2\/posts\/15892\/revisions\/15896"}],"wp:featuredmedia":[{"embeddable":true,"href":"https:\/\/gobernacionaltaverapaz.gob.gt\/index.php?rest_route=\/wp\/v2\/media\/15893"}],"wp:attachment":[{"href":"https:\/\/gobernacionaltaverapaz.gob.gt\/index.php?rest_route=%2Fwp%2Fv2%2Fmedia&parent=15892"}],"wp:term":[{"taxonomy":"category","embeddable":true,"href":"https:\/\/gobernacionaltaverapaz.gob.gt\/index.php?rest_route=%2Fwp%2Fv2%2Fcategories&post=15892"},{"taxonomy":"post_tag","embeddable":true,"href":"https:\/\/gobernacionaltaverapaz.gob.gt\/index.php?rest_route=%2Fwp%2Fv2%2Ftags&post=15892"}],"curies":[{"name":"wp","href":"https:\/\/api.w.org\/{rel}","templated":true}]}}