{"id":15898,"date":"2023-07-19T16:20:54","date_gmt":"2023-07-19T22:20:54","guid":{"rendered":"https:\/\/gobernacionaltaverapaz.gob.gt\/?p=15898"},"modified":"2023-08-03T10:33:14","modified_gmt":"2023-08-03T16:33:14","slug":"beca-supero-san-jorge","status":"publish","type":"post","link":"https:\/\/gobernacionaltaverapaz.gob.gt\/?p=15898","title":{"rendered":"Beca Superior San Jorge"},"content":{"rendered":"<p><a href=\"https:\/\/www.facebook.com\/guatemalagob\/videos\/2167817780074260\" target=\"_blank\" rel=\"noopener\"><img decoding=\"async\" loading=\"lazy\" class=\"alignnone wp-image-15899 size-full\" title=\"Ver video\" src=\"https:\/\/gobernacionaltaverapaz.gob.gt\/wp-content\/uploads\/2023\/08\/001-37.jpg\" alt=\"\" width=\"900\" height=\"600\" srcset=\"https:\/\/gobernacionaltaverapaz.gob.gt\/wp-content\/uploads\/2023\/08\/001-37.jpg 900w, https:\/\/gobernacionaltaverapaz.gob.gt\/wp-content\/uploads\/2023\/08\/001-37-300x200.jpg 300w, https:\/\/gobernacionaltaverapaz.gob.gt\/wp-content\/uploads\/2023\/08\/001-37-768x512.jpg 768w\" sizes=\"(max-width: 900px) 100vw, 900px\" \/><\/a><\/p>\n<p style=\"text-align: justify;\">La <a href=\"https:\/\/www.facebook.com\/watch\/hashtag\/becasuperior?__eep__=6%2F&amp;__cft__[0]=AZUCcQYMECMXtJNWN-SxWCF8nkEq4xf6clr-M6J4-KfomFnxiRtmruHL-pycaIuxb8itbP-jpM8j7ypgCtS_4tYauc794Y2ac_IB__5Ey9kRwxA3YFp8dlucwXrj5NWujX3wYU5YzP8QSImAHpKK1ggdUa3GbsOZWYlMw4LFhI3QKMDe8kgRw6da5IrOhqxF2BoXD6wWdn4ci85rcXyXD34T&amp;__tn__=*NK-R\" target=\"_blank\" rel=\"noopener\">#BecaSuperior<\/a> impulsada por el <a href=\"https:\/\/www.facebook.com\/MidesGuatemala?__cft__[0]=AZUCcQYMECMXtJNWN-SxWCF8nkEq4xf6clr-M6J4-KfomFnxiRtmruHL-pycaIuxb8itbP-jpM8j7ypgCtS_4tYauc794Y2ac_IB__5Ey9kRwxA3YFp8dlucwXrj5NWujX3wYU5YzP8QSImAHpKK1ggdUa3GbsOZWYlMw4LFhI3QKMDe8kgRw6da5IrOhqxF2BoXD6wWdn4ci85rcXyXD34T&amp;__tn__=-]K-R\" target=\"_blank\" rel=\"noopener\">Mides Guatemala<\/a> brinda una oportunidad a los guatemaltecos de continuar con sus estudios.<\/p>\n<p style=\"text-align: justify;\">Conoce la historia de Nilson Rosales que ahora cursa el octavo semestre de la carrera de Contadur\u00eda P\u00fablica y Auditor\u00eda. <a href=\"https:\/\/www.facebook.com\/watch\/hashtag\/protagonistasdenuestrotiempo?__eep__=6%2F&amp;__cft__[0]=AZUCcQYMECMXtJNWN-SxWCF8nkEq4xf6clr-M6J4-KfomFnxiRtmruHL-pycaIuxb8itbP-jpM8j7ypgCtS_4tYauc794Y2ac_IB__5Ey9kRwxA3YFp8dlucwXrj5NWujX3wYU5YzP8QSImAHpKK1ggdUa3GbsOZWYlMw4LFhI3QKMDe8kgRw6da5IrOhqxF2BoXD6wWdn4ci85rcXyXD34T&amp;__tn__=*NK-R\" target=\"_blank\" rel=\"noopener\">#ProtagonistasDeNuestroTiempo<\/a><\/p>\n","protected":false},"excerpt":{"rendered":"<p>La #BecaSuperior impulsada por el Mides Guatemala brinda una oportunidad a los guatemaltecos de continuar con sus estudios. Conoce la historia de Nilson Rosales que ahora cursa el octavo semestre de la carrera de Contadur\u00eda P\u00fablica y Auditor\u00eda. #ProtagonistasDeNuestroTiempo<\/p>\n","protected":false},"author":1,"featured_media":15900,"comment_status":"closed","ping_status":"open","sticky":false,"template":"","format":"video","meta":[],"categories":[2],"tags":[178],"_links":{"self":[{"href":"https:\/\/gobernacionaltaverapaz.gob.gt\/index.php?rest_route=\/wp\/v2\/posts\/15898"}],"collection":[{"href":"https:\/\/gobernacionaltaverapaz.gob.gt\/index.php?rest_route=\/wp\/v2\/posts"}],"about":[{"href":"https:\/\/gobernacionaltaverapaz.gob.gt\/index.php?rest_route=\/wp\/v2\/types\/post"}],"author":[{"embeddable":true,"href":"https:\/\/gobernacionaltaverapaz.gob.gt\/index.php?rest_route=\/wp\/v2\/users\/1"}],"replies":[{"embeddable":true,"href":"https:\/\/gobernacionaltaverapaz.gob.gt\/index.php?rest_route=%2Fwp%2Fv2%2Fcomments&post=15898"}],"version-history":[{"count":2,"href":"https:\/\/gobernacionaltaverapaz.gob.gt\/index.php?rest_route=\/wp\/v2\/posts\/15898\/revisions"}],"predecessor-version":[{"id":15902,"href":"https:\/\/gobernacionaltaverapaz.gob.gt\/index.php?rest_route=\/wp\/v2\/posts\/15898\/revisions\/15902"}],"wp:featuredmedia":[{"embeddable":true,"href":"https:\/\/gobernacionaltaverapaz.gob.gt\/index.php?rest_route=\/wp\/v2\/media\/15900"}],"wp:attachment":[{"href":"https:\/\/gobernacionaltaverapaz.gob.gt\/index.php?rest_route=%2Fwp%2Fv2%2Fmedia&parent=15898"}],"wp:term":[{"taxonomy":"category","embeddable":true,"href":"https:\/\/gobernacionaltaverapaz.gob.gt\/index.php?rest_route=%2Fwp%2Fv2%2Fcategories&post=15898"},{"taxonomy":"post_tag","embeddable":true,"href":"https:\/\/gobernacionaltaverapaz.gob.gt\/index.php?rest_route=%2Fwp%2Fv2%2Ftags&post=15898"}],"curies":[{"name":"wp","href":"https:\/\/api.w.org\/{rel}","templated":true}]}}