{"id":15911,"date":"2023-07-19T23:51:05","date_gmt":"2023-07-20T05:51:05","guid":{"rendered":"https:\/\/gobernacionaltaverapaz.gob.gt\/?p=15911"},"modified":"2023-08-03T10:57:30","modified_gmt":"2023-08-03T16:57:30","slug":"reporte-nacional-14","status":"publish","type":"post","link":"https:\/\/gobernacionaltaverapaz.gob.gt\/?p=15911","title":{"rendered":"Reporte Nacional"},"content":{"rendered":"<p><a href=\"https:\/\/www.facebook.com\/guatemalagob\/videos\/1218881822157643\/\" target=\"_blank\" rel=\"noopener\"><img decoding=\"async\" loading=\"lazy\" class=\"alignnone wp-image-15913 size-full\" title=\"Ver video\" src=\"https:\/\/gobernacionaltaverapaz.gob.gt\/wp-content\/uploads\/2023\/08\/002-35.jpg\" alt=\"\" width=\"900\" height=\"600\" srcset=\"https:\/\/gobernacionaltaverapaz.gob.gt\/wp-content\/uploads\/2023\/08\/002-35.jpg 900w, https:\/\/gobernacionaltaverapaz.gob.gt\/wp-content\/uploads\/2023\/08\/002-35-300x200.jpg 300w, https:\/\/gobernacionaltaverapaz.gob.gt\/wp-content\/uploads\/2023\/08\/002-35-768x512.jpg 768w\" sizes=\"(max-width: 900px) 100vw, 900px\" \/><\/a><\/p>\n<p><a href=\"https:\/\/www.facebook.com\/hashtag\/reportenacional?__eep__=6&amp;__cft__[0]=AZXHdCe48huT9jaMfxiL0J31_KKjIjvgLvnaeonFcpFkF3PHWHqRdZNcZSJcw3_RVooo_nt6vQCCYMD-jqfRW1jlcCsQ9p4iXGKHSXPDbRz7e0_jJHZ9CJEpu1NyhzYOiEhZL0-Vry_ExkcBx3vlLbEvRtXMpgyw_0QjNlOe-4BlsfuvbFcvyrtGEi1rwgJNOtSiEH-nQjZjc_acFiHstJaG&amp;__tn__=*NK-y-R\" target=\"_blank\" rel=\"noopener\">#ReporteNacional<\/a> | 19 de julio de 2023<\/p>\n<ul>\n<li>Guatemala y B\u00e9lgica establecen mecanismo de consultas pol\u00edticas<\/li>\n<li>Guatemala y Belice abordan asuntos de inter\u00e9s bilateral y regional<\/li>\n<li><a href=\"https:\/\/www.facebook.com\/conredgt?__cft__[0]=AZXHdCe48huT9jaMfxiL0J31_KKjIjvgLvnaeonFcpFkF3PHWHqRdZNcZSJcw3_RVooo_nt6vQCCYMD-jqfRW1jlcCsQ9p4iXGKHSXPDbRz7e0_jJHZ9CJEpu1NyhzYOiEhZL0-Vry_ExkcBx3vlLbEvRtXMpgyw_0QjNlOe-4BlsfuvbFcvyrtGEi1rwgJNOtSiEH-nQjZjc_acFiHstJaG&amp;__tn__=-]K-y-R\" target=\"_blank\" rel=\"noopener\">Conred<\/a> presenta <a href=\"https:\/\/www.facebook.com\/hashtag\/panar2023?__eep__=6&amp;__cft__[0]=AZXHdCe48huT9jaMfxiL0J31_KKjIjvgLvnaeonFcpFkF3PHWHqRdZNcZSJcw3_RVooo_nt6vQCCYMD-jqfRW1jlcCsQ9p4iXGKHSXPDbRz7e0_jJHZ9CJEpu1NyhzYOiEhZL0-Vry_ExkcBx3vlLbEvRtXMpgyw_0QjNlOe-4BlsfuvbFcvyrtGEi1rwgJNOtSiEH-nQjZjc_acFiHstJaG&amp;__tn__=*NK-y-R\" target=\"_blank\" rel=\"noopener\">#PANAR2023<\/a><\/li>\n<li><a href=\"https:\/\/www.facebook.com\/SATgtRenovada?__cft__[0]=AZXHdCe48huT9jaMfxiL0J31_KKjIjvgLvnaeonFcpFkF3PHWHqRdZNcZSJcw3_RVooo_nt6vQCCYMD-jqfRW1jlcCsQ9p4iXGKHSXPDbRz7e0_jJHZ9CJEpu1NyhzYOiEhZL0-Vry_ExkcBx3vlLbEvRtXMpgyw_0QjNlOe-4BlsfuvbFcvyrtGEi1rwgJNOtSiEH-nQjZjc_acFiHstJaG&amp;__tn__=-]K-y-R\" target=\"_blank\" rel=\"noopener\">SAT Guatemala<\/a> presenta nueva medida de ingreso migratorio<\/li>\n<\/ul>\n","protected":false},"excerpt":{"rendered":"<p>#ReporteNacional | 19 de julio de 2023 Guatemala y B\u00e9lgica establecen mecanismo de consultas pol\u00edticas Guatemala y Belice abordan asuntos de inter\u00e9s bilateral y regional Conred presenta #PANAR2023 SAT Guatemala presenta nueva medida de ingreso migratorio<\/p>\n","protected":false},"author":1,"featured_media":15912,"comment_status":"closed","ping_status":"open","sticky":false,"template":"","format":"video","meta":[],"categories":[183,205],"tags":[178],"_links":{"self":[{"href":"https:\/\/gobernacionaltaverapaz.gob.gt\/index.php?rest_route=\/wp\/v2\/posts\/15911"}],"collection":[{"href":"https:\/\/gobernacionaltaverapaz.gob.gt\/index.php?rest_route=\/wp\/v2\/posts"}],"about":[{"href":"https:\/\/gobernacionaltaverapaz.gob.gt\/index.php?rest_route=\/wp\/v2\/types\/post"}],"author":[{"embeddable":true,"href":"https:\/\/gobernacionaltaverapaz.gob.gt\/index.php?rest_route=\/wp\/v2\/users\/1"}],"replies":[{"embeddable":true,"href":"https:\/\/gobernacionaltaverapaz.gob.gt\/index.php?rest_route=%2Fwp%2Fv2%2Fcomments&post=15911"}],"version-history":[{"count":1,"href":"https:\/\/gobernacionaltaverapaz.gob.gt\/index.php?rest_route=\/wp\/v2\/posts\/15911\/revisions"}],"predecessor-version":[{"id":15914,"href":"https:\/\/gobernacionaltaverapaz.gob.gt\/index.php?rest_route=\/wp\/v2\/posts\/15911\/revisions\/15914"}],"wp:featuredmedia":[{"embeddable":true,"href":"https:\/\/gobernacionaltaverapaz.gob.gt\/index.php?rest_route=\/wp\/v2\/media\/15912"}],"wp:attachment":[{"href":"https:\/\/gobernacionaltaverapaz.gob.gt\/index.php?rest_route=%2Fwp%2Fv2%2Fmedia&parent=15911"}],"wp:term":[{"taxonomy":"category","embeddable":true,"href":"https:\/\/gobernacionaltaverapaz.gob.gt\/index.php?rest_route=%2Fwp%2Fv2%2Fcategories&post=15911"},{"taxonomy":"post_tag","embeddable":true,"href":"https:\/\/gobernacionaltaverapaz.gob.gt\/index.php?rest_route=%2Fwp%2Fv2%2Ftags&post=15911"}],"curies":[{"name":"wp","href":"https:\/\/api.w.org\/{rel}","templated":true}]}}