{"id":15926,"date":"2023-07-20T15:00:34","date_gmt":"2023-07-20T21:00:34","guid":{"rendered":"https:\/\/gobernacionaltaverapaz.gob.gt\/?p=15926"},"modified":"2023-08-03T11:46:25","modified_gmt":"2023-08-03T17:46:25","slug":"sra-gobernadora-de-alta-verapaz-sostiene-reunion-con-delgados-de-las-instituciones-que-conforman-el-coed","status":"publish","type":"post","link":"https:\/\/gobernacionaltaverapaz.gob.gt\/?p=15926","title":{"rendered":"Sra. Gobernadora de Alta Verapaz, sostiene reuni\u00f3n  con delegados de las instituciones que conforman el COED"},"content":{"rendered":"<p style=\"text-align: justify;\"><a href=\"https:\/\/www.facebook.com\/hashtag\/ahora?__eep__=6&amp;__cft__[0]=AZUSA9OmvdlGe2ZW7caWyxzNhkUh_qvCAcVD8-GE5GoMhNIy1eGOApQ7XoF0YnTVQZM3BxUZaVDeNBLG5r3gSUHRXUmTpaiULt_4H4jD7hASuD2cefT4tMKM-p9HeHHqrqaKCVCLwGSs7uXeZtZO9R5owMij9yxyjMgdiuXHNfyR1sEKkS3sAtfFgx4x0K3K6zU&amp;__tn__=*NK-R\" target=\"_blank\" rel=\"noopener\">#AHORA<\/a> | Con la finalidad de conocer informaci\u00f3n oficial de acuerdo a la poblaci\u00f3n afectada actualmente y proyectada por los efectos del fen\u00f3meno del ni\u00f1o temporada de incendios forestales #2022-2023 y eventos hidrometeorol\u00f3gicos por temporada de lluvias #2023, por los coordinadores de la funciones: No. 4 gesti\u00f3n de alimentos- <strong>MAGA<\/strong>-, No. 18 De agua, saneamiento e higiene &#8211;<strong>MSPAS<\/strong>-, No. 22 de salud &#8211;<strong>MSPAS<\/strong>, y No. 24 de gesti\u00f3n de transporte -6ta. <strong>BI\/MDN<\/strong>-establecidas en el Plan Nacional de Respuesta versi\u00f3n 9, en el Departamento, la Sra. Gobernadora de <a href=\"https:\/\/www.facebook.com\/hashtag\/altaverapaz?__eep__=6&amp;__cft__[0]=AZUSA9OmvdlGe2ZW7caWyxzNhkUh_qvCAcVD8-GE5GoMhNIy1eGOApQ7XoF0YnTVQZM3BxUZaVDeNBLG5r3gSUHRXUmTpaiULt_4H4jD7hASuD2cefT4tMKM-p9HeHHqrqaKCVCLwGSs7uXeZtZO9R5owMij9yxyjMgdiuXHNfyR1sEKkS3sAtfFgx4x0K3K6zU&amp;__tn__=*NK-R\" target=\"_blank\" rel=\"noopener\">#AltaVerapaz<\/a>, sostiene reuni\u00f3n\u00a0 con delegados de las instituciones que conforman el Centro de Operaciones de emergencia departamental. <a href=\"https:\/\/www.facebook.com\/hashtag\/coed?__eep__=6&amp;__cft__[0]=AZUSA9OmvdlGe2ZW7caWyxzNhkUh_qvCAcVD8-GE5GoMhNIy1eGOApQ7XoF0YnTVQZM3BxUZaVDeNBLG5r3gSUHRXUmTpaiULt_4H4jD7hASuD2cefT4tMKM-p9HeHHqrqaKCVCLwGSs7uXeZtZO9R5owMij9yxyjMgdiuXHNfyR1sEKkS3sAtfFgx4x0K3K6zU&amp;__tn__=*NK-R\" target=\"_blank\" rel=\"noopener\">#COED<\/a><\/p>\n<p style=\"text-align: justify;\"><a href=\"https:\/\/www.facebook.com\/hashtag\/unidostransformamosguatemala?__eep__=6&amp;__cft__[0]=AZUSA9OmvdlGe2ZW7caWyxzNhkUh_qvCAcVD8-GE5GoMhNIy1eGOApQ7XoF0YnTVQZM3BxUZaVDeNBLG5r3gSUHRXUmTpaiULt_4H4jD7hASuD2cefT4tMKM-p9HeHHqrqaKCVCLwGSs7uXeZtZO9R5owMij9yxyjMgdiuXHNfyR1sEKkS3sAtfFgx4x0K3K6zU&amp;__tn__=*NK-R\" target=\"_blank\" rel=\"noopener\">#UnidosTransformamosGuatemala<\/a><br \/>\n<a href=\"https:\/\/www.facebook.com\/hashtag\/elgobdelosguatemaltecos?__eep__=6&amp;__cft__[0]=AZUSA9OmvdlGe2ZW7caWyxzNhkUh_qvCAcVD8-GE5GoMhNIy1eGOApQ7XoF0YnTVQZM3BxUZaVDeNBLG5r3gSUHRXUmTpaiULt_4H4jD7hASuD2cefT4tMKM-p9HeHHqrqaKCVCLwGSs7uXeZtZO9R5owMij9yxyjMgdiuXHNfyR1sEKkS3sAtfFgx4x0K3K6zU&amp;__tn__=*NK-R\" target=\"_blank\" rel=\"noopener\">#ElGobDeLosGuatemaltecos<\/a><\/p>\n<div><\/div>\n","protected":false},"excerpt":{"rendered":"<p>#AHORA | Con la finalidad de conocer informaci\u00f3n oficial de acuerdo a la poblaci\u00f3n afectada actualmente y proyectada por los efectos del fen\u00f3meno del ni\u00f1o temporada de incendios forestales #2022-2023 y eventos hidrometeorol\u00f3gicos por temporada de lluvias #2023, por los coordinadores de la funciones: No. 4 gesti\u00f3n de alimentos- MAGA-, No. 18 De agua, saneamiento [&hellip;]<\/p>\n","protected":false},"author":1,"featured_media":15927,"comment_status":"closed","ping_status":"open","sticky":false,"template":"","format":"gallery","meta":[],"categories":[6],"tags":[178],"_links":{"self":[{"href":"https:\/\/gobernacionaltaverapaz.gob.gt\/index.php?rest_route=\/wp\/v2\/posts\/15926"}],"collection":[{"href":"https:\/\/gobernacionaltaverapaz.gob.gt\/index.php?rest_route=\/wp\/v2\/posts"}],"about":[{"href":"https:\/\/gobernacionaltaverapaz.gob.gt\/index.php?rest_route=\/wp\/v2\/types\/post"}],"author":[{"embeddable":true,"href":"https:\/\/gobernacionaltaverapaz.gob.gt\/index.php?rest_route=\/wp\/v2\/users\/1"}],"replies":[{"embeddable":true,"href":"https:\/\/gobernacionaltaverapaz.gob.gt\/index.php?rest_route=%2Fwp%2Fv2%2Fcomments&post=15926"}],"version-history":[{"count":6,"href":"https:\/\/gobernacionaltaverapaz.gob.gt\/index.php?rest_route=\/wp\/v2\/posts\/15926\/revisions"}],"predecessor-version":[{"id":15938,"href":"https:\/\/gobernacionaltaverapaz.gob.gt\/index.php?rest_route=\/wp\/v2\/posts\/15926\/revisions\/15938"}],"wp:featuredmedia":[{"embeddable":true,"href":"https:\/\/gobernacionaltaverapaz.gob.gt\/index.php?rest_route=\/wp\/v2\/media\/15927"}],"wp:attachment":[{"href":"https:\/\/gobernacionaltaverapaz.gob.gt\/index.php?rest_route=%2Fwp%2Fv2%2Fmedia&parent=15926"}],"wp:term":[{"taxonomy":"category","embeddable":true,"href":"https:\/\/gobernacionaltaverapaz.gob.gt\/index.php?rest_route=%2Fwp%2Fv2%2Fcategories&post=15926"},{"taxonomy":"post_tag","embeddable":true,"href":"https:\/\/gobernacionaltaverapaz.gob.gt\/index.php?rest_route=%2Fwp%2Fv2%2Ftags&post=15926"}],"curies":[{"name":"wp","href":"https:\/\/api.w.org\/{rel}","templated":true}]}}