{"id":15947,"date":"2023-07-21T10:56:02","date_gmt":"2023-07-21T16:56:02","guid":{"rendered":"https:\/\/gobernacionaltaverapaz.gob.gt\/?p=15947"},"modified":"2023-08-03T12:39:17","modified_gmt":"2023-08-03T18:39:17","slug":"sra-gobernadora-de-alta-verapaz-participo-en-reunion-interinstitucional-en-donde-se-conto-con-la-presencia-del-sr-procurador-de-los-derechos-humanos","status":"publish","type":"post","link":"https:\/\/gobernacionaltaverapaz.gob.gt\/?p=15947","title":{"rendered":"Sra. Gobernadora de Alta Verapaz, particip\u00f3 en reuni\u00f3n interinstitucional en donde se cont\u00f3 con la presencia del Sr. Procurador de los Derechos Humanos"},"content":{"rendered":"<p style=\"text-align: justify;\"><a href=\"https:\/\/www.facebook.com\/hashtag\/ahora?__eep__=6&amp;__cft__[0]=AZWX4WI-0fzqK1ijOMvA0bBAoSU0xrhxAQHH5Nm-L2s8EoO3hNJx1y26lakTdoMdN-E7CpFpHTvJqpnP285hsae4FqpYd9kluk81OQhHiFn27vFhKiW34baDAP5PEFHZa77shXf4Vx7THQLGHfkzVZW_FPZW35lEKZi1P_UNl6PQ-KhZ2IRJdN1zao08citD7M4&amp;__tn__=*NK-R\" target=\"_blank\" rel=\"noopener\">#AHORA<\/a>| La Sra. Gobernadora departamental de <a href=\"https:\/\/www.facebook.com\/hashtag\/altaverapaz?__eep__=6&amp;__cft__[0]=AZWX4WI-0fzqK1ijOMvA0bBAoSU0xrhxAQHH5Nm-L2s8EoO3hNJx1y26lakTdoMdN-E7CpFpHTvJqpnP285hsae4FqpYd9kluk81OQhHiFn27vFhKiW34baDAP5PEFHZa77shXf4Vx7THQLGHfkzVZW_FPZW35lEKZi1P_UNl6PQ-KhZ2IRJdN1zao08citD7M4&amp;__tn__=*NK-R\" target=\"_blank\" rel=\"noopener\">#AltaVerapaz<\/a>, particip\u00f3 en reuni\u00f3n interinstitucional en donde se cont\u00f3 con la presencia del Sr. Procurador de los Derechos Humanos, con la finalidad de abordar temas relacionados a Educaci\u00f3n, Salud, Seguridad y Gobernabilidad en el Departamento, misma en la que participaron representantes institucionales y Alcaldes Municipales.<\/p>\n<p style=\"text-align: justify;\"><a href=\"https:\/\/www.facebook.com\/hashtag\/elgobdelosguatemaltecos?__eep__=6&amp;__cft__[0]=AZWX4WI-0fzqK1ijOMvA0bBAoSU0xrhxAQHH5Nm-L2s8EoO3hNJx1y26lakTdoMdN-E7CpFpHTvJqpnP285hsae4FqpYd9kluk81OQhHiFn27vFhKiW34baDAP5PEFHZa77shXf4Vx7THQLGHfkzVZW_FPZW35lEKZi1P_UNl6PQ-KhZ2IRJdN1zao08citD7M4&amp;__tn__=*NK-R\" target=\"_blank\" rel=\"noopener\">#ElGobDeLosGuatemaltecos<\/a><br \/>\n<a href=\"https:\/\/www.facebook.com\/hashtag\/unidostransformamosguatemala?__eep__=6&amp;__cft__[0]=AZWX4WI-0fzqK1ijOMvA0bBAoSU0xrhxAQHH5Nm-L2s8EoO3hNJx1y26lakTdoMdN-E7CpFpHTvJqpnP285hsae4FqpYd9kluk81OQhHiFn27vFhKiW34baDAP5PEFHZa77shXf4Vx7THQLGHfkzVZW_FPZW35lEKZi1P_UNl6PQ-KhZ2IRJdN1zao08citD7M4&amp;__tn__=*NK-R\" target=\"_blank\" rel=\"noopener\">#UnidosTransformamosGuatemala<\/a><\/p>\n<div><\/div>\n","protected":false},"excerpt":{"rendered":"<p>#AHORA| La Sra. Gobernadora departamental de #AltaVerapaz, particip\u00f3 en reuni\u00f3n interinstitucional en donde se cont\u00f3 con la presencia del Sr. Procurador de los Derechos Humanos, con la finalidad de abordar temas relacionados a Educaci\u00f3n, Salud, Seguridad y Gobernabilidad en el Departamento, misma en la que participaron representantes institucionales y Alcaldes Municipales. #ElGobDeLosGuatemaltecos #UnidosTransformamosGuatemala<\/p>\n","protected":false},"author":1,"featured_media":15948,"comment_status":"closed","ping_status":"open","sticky":false,"template":"","format":"gallery","meta":[],"categories":[2,5,197],"tags":[178],"_links":{"self":[{"href":"https:\/\/gobernacionaltaverapaz.gob.gt\/index.php?rest_route=\/wp\/v2\/posts\/15947"}],"collection":[{"href":"https:\/\/gobernacionaltaverapaz.gob.gt\/index.php?rest_route=\/wp\/v2\/posts"}],"about":[{"href":"https:\/\/gobernacionaltaverapaz.gob.gt\/index.php?rest_route=\/wp\/v2\/types\/post"}],"author":[{"embeddable":true,"href":"https:\/\/gobernacionaltaverapaz.gob.gt\/index.php?rest_route=\/wp\/v2\/users\/1"}],"replies":[{"embeddable":true,"href":"https:\/\/gobernacionaltaverapaz.gob.gt\/index.php?rest_route=%2Fwp%2Fv2%2Fcomments&post=15947"}],"version-history":[{"count":2,"href":"https:\/\/gobernacionaltaverapaz.gob.gt\/index.php?rest_route=\/wp\/v2\/posts\/15947\/revisions"}],"predecessor-version":[{"id":15953,"href":"https:\/\/gobernacionaltaverapaz.gob.gt\/index.php?rest_route=\/wp\/v2\/posts\/15947\/revisions\/15953"}],"wp:featuredmedia":[{"embeddable":true,"href":"https:\/\/gobernacionaltaverapaz.gob.gt\/index.php?rest_route=\/wp\/v2\/media\/15948"}],"wp:attachment":[{"href":"https:\/\/gobernacionaltaverapaz.gob.gt\/index.php?rest_route=%2Fwp%2Fv2%2Fmedia&parent=15947"}],"wp:term":[{"taxonomy":"category","embeddable":true,"href":"https:\/\/gobernacionaltaverapaz.gob.gt\/index.php?rest_route=%2Fwp%2Fv2%2Fcategories&post=15947"},{"taxonomy":"post_tag","embeddable":true,"href":"https:\/\/gobernacionaltaverapaz.gob.gt\/index.php?rest_route=%2Fwp%2Fv2%2Ftags&post=15947"}],"curies":[{"name":"wp","href":"https:\/\/api.w.org\/{rel}","templated":true}]}}