{"id":15954,"date":"2023-07-21T11:03:54","date_gmt":"2023-07-21T17:03:54","guid":{"rendered":"https:\/\/gobernacionaltaverapaz.gob.gt\/?p=15954"},"modified":"2023-08-03T12:56:59","modified_gmt":"2023-08-03T18:56:59","slug":"brigada-militar-mariscal-zavala-en-coordinacion-con-marn-y-usac-realizaron-jornada-de-reforestacion","status":"publish","type":"post","link":"https:\/\/gobernacionaltaverapaz.gob.gt\/?p=15954","title":{"rendered":"Brigada Militar \u201cMariscal Zavala\u201d, en coordinaci\u00f3n con MARN y USAC realizaron jornada de reforestaci\u00f3n"},"content":{"rendered":"<p style=\"text-align: justify;\"><a href=\"https:\/\/www.facebook.com\/hashtag\/ej%C3%A9rcitogt?__eep__=6&amp;__cft__[0]=AZXGW-LnxEVYIMHm-7MwKNL8Q81GkYYTG08Qd-7at8qT6wnLEktre68YkpFlaa5GfI3tN8duxXLZEVjmrgZubGDhnCOUc51X1OFNBeHgti48selCaWcf_WUPyGXpkeTaycWQ4GFLMXzAfp2tfkyR8t_Dc0sdogJrgyVKjvQp1YrkS8gHHxLpKYAoaSQB9wvEvCwKRREZZK4tWGt04GOoHEt5&amp;__tn__=*NK-y-R\" target=\"_blank\" rel=\"noopener\">#Ej\u00e9rcitoGT<\/a> a trav\u00e9s de la Brigada Militar \u201cMariscal Zavala\u201d, en coordinaci\u00f3n con <a href=\"https:\/\/www.facebook.com\/marngtambiente?__cft__[0]=AZXGW-LnxEVYIMHm-7MwKNL8Q81GkYYTG08Qd-7at8qT6wnLEktre68YkpFlaa5GfI3tN8duxXLZEVjmrgZubGDhnCOUc51X1OFNBeHgti48selCaWcf_WUPyGXpkeTaycWQ4GFLMXzAfp2tfkyR8t_Dc0sdogJrgyVKjvQp1YrkS8gHHxLpKYAoaSQB9wvEvCwKRREZZK4tWGt04GOoHEt5&amp;__tn__=-]K-y-R\" target=\"_blank\" rel=\"noopener\">MARN<\/a>, Autoridad para el Manejo Sustentable de la Cuenca del Lago de Amatitl\u00e1n y estudiantes de la <a href=\"https:\/\/www.facebook.com\/hashtag\/usac?__eep__=6&amp;__cft__[0]=AZXGW-LnxEVYIMHm-7MwKNL8Q81GkYYTG08Qd-7at8qT6wnLEktre68YkpFlaa5GfI3tN8duxXLZEVjmrgZubGDhnCOUc51X1OFNBeHgti48selCaWcf_WUPyGXpkeTaycWQ4GFLMXzAfp2tfkyR8t_Dc0sdogJrgyVKjvQp1YrkS8gHHxLpKYAoaSQB9wvEvCwKRREZZK4tWGt04GOoHEt5&amp;__tn__=*NK-y-R\" target=\"_blank\" rel=\"noopener\">#USAC<\/a>, realizaron jornada de reforestaci\u00f3n, contribuyendo de esta manera al cuidado del ambiente.<\/p>\n<div><\/div>\n","protected":false},"excerpt":{"rendered":"<p>#Ej\u00e9rcitoGT a trav\u00e9s de la Brigada Militar \u201cMariscal Zavala\u201d, en coordinaci\u00f3n con MARN, Autoridad para el Manejo Sustentable de la Cuenca del Lago de Amatitl\u00e1n y estudiantes de la #USAC, realizaron jornada de reforestaci\u00f3n, contribuyendo de esta manera al cuidado del ambiente.<\/p>\n","protected":false},"author":1,"featured_media":15956,"comment_status":"closed","ping_status":"open","sticky":false,"template":"","format":"gallery","meta":[],"categories":[6],"tags":[178],"_links":{"self":[{"href":"https:\/\/gobernacionaltaverapaz.gob.gt\/index.php?rest_route=\/wp\/v2\/posts\/15954"}],"collection":[{"href":"https:\/\/gobernacionaltaverapaz.gob.gt\/index.php?rest_route=\/wp\/v2\/posts"}],"about":[{"href":"https:\/\/gobernacionaltaverapaz.gob.gt\/index.php?rest_route=\/wp\/v2\/types\/post"}],"author":[{"embeddable":true,"href":"https:\/\/gobernacionaltaverapaz.gob.gt\/index.php?rest_route=\/wp\/v2\/users\/1"}],"replies":[{"embeddable":true,"href":"https:\/\/gobernacionaltaverapaz.gob.gt\/index.php?rest_route=%2Fwp%2Fv2%2Fcomments&post=15954"}],"version-history":[{"count":4,"href":"https:\/\/gobernacionaltaverapaz.gob.gt\/index.php?rest_route=\/wp\/v2\/posts\/15954\/revisions"}],"predecessor-version":[{"id":15962,"href":"https:\/\/gobernacionaltaverapaz.gob.gt\/index.php?rest_route=\/wp\/v2\/posts\/15954\/revisions\/15962"}],"wp:featuredmedia":[{"embeddable":true,"href":"https:\/\/gobernacionaltaverapaz.gob.gt\/index.php?rest_route=\/wp\/v2\/media\/15956"}],"wp:attachment":[{"href":"https:\/\/gobernacionaltaverapaz.gob.gt\/index.php?rest_route=%2Fwp%2Fv2%2Fmedia&parent=15954"}],"wp:term":[{"taxonomy":"category","embeddable":true,"href":"https:\/\/gobernacionaltaverapaz.gob.gt\/index.php?rest_route=%2Fwp%2Fv2%2Fcategories&post=15954"},{"taxonomy":"post_tag","embeddable":true,"href":"https:\/\/gobernacionaltaverapaz.gob.gt\/index.php?rest_route=%2Fwp%2Fv2%2Ftags&post=15954"}],"curies":[{"name":"wp","href":"https:\/\/api.w.org\/{rel}","templated":true}]}}