{"id":15967,"date":"2023-07-21T17:17:53","date_gmt":"2023-07-21T23:17:53","guid":{"rendered":"https:\/\/gobernacionaltaverapaz.gob.gt\/?p=15967"},"modified":"2023-08-03T15:27:57","modified_gmt":"2023-08-03T21:27:57","slug":"sra-gobernadora-de-alta-verapaz-llevo-a-cabo-firma-de-convenio-de-ejecucion-de-obra-de-la-municipalidad-de-san-pedro-carcha-alta-verapaz","status":"publish","type":"post","link":"https:\/\/gobernacionaltaverapaz.gob.gt\/?p=15967","title":{"rendered":"Firma de convenio de ejecuci\u00f3n de obras entre el CODEDE y la Municipalidad de San Pedro Carch\u00e1, A.V."},"content":{"rendered":"<p><img decoding=\"async\" loading=\"lazy\" class=\"alignnone size-full wp-image-15969\" src=\"https:\/\/gobernacionaltaverapaz.gob.gt\/wp-content\/uploads\/2023\/08\/002-43.jpg\" alt=\"\" width=\"900\" height=\"744\" srcset=\"https:\/\/gobernacionaltaverapaz.gob.gt\/wp-content\/uploads\/2023\/08\/002-43.jpg 900w, https:\/\/gobernacionaltaverapaz.gob.gt\/wp-content\/uploads\/2023\/08\/002-43-300x248.jpg 300w, https:\/\/gobernacionaltaverapaz.gob.gt\/wp-content\/uploads\/2023\/08\/002-43-768x635.jpg 768w\" sizes=\"(max-width: 900px) 100vw, 900px\" \/><\/p>\n<p style=\"text-align: justify;\"><a href=\"https:\/\/www.facebook.com\/hashtag\/altaverapaz?__eep__=6&amp;__cft__[0]=AZVotDCvsEPrtUWJpFGX2UQ6vIyV-OqOnR1_LcOZJIT5iMFfLljuvSe2x1bvWAUcdQkrbxgJqtRZJU9Vt73WhKO8UXM1-43-tJWqMsuzROQeTGnv1ceUmpfZNK6Ectwkp_8FJHoaVc6YNeWpZhpLjSFEc3lVyKKJJqXk_vocSplPjXSdhVboGtQTHcJw8TS8M9I&amp;__tn__=*NK-R\" target=\"_blank\" rel=\"noopener\">#AltaVerapaz<\/a><\/p>\n<ul>\n<li style=\"text-align: justify;\">Con el objetivo de encaminar el desarrollo en el Departamento, la Sra. Gobernadora de Alta Verapaz, llev\u00f3 a cabo el acto de la firma de convenio de ejecuci\u00f3n de obra entre el Consejo Departamental de Desarrollo y la Municipalidad de San Pedro Carch\u00e1, Alta Verapaz.<\/li>\n<\/ul>\n<p style=\"text-align: justify;\">Convenio que permitir\u00e1 la ejecuci\u00f3n en este a\u00f1o del proyecto:<\/p>\n<ul>\n<li style=\"text-align: justify;\">Mejoramiento de sistema de alcantarillado sanitario y pluvial, Colonia la Trinidad (Regi\u00f3n Urbana), San Pedro Carch\u00e1, Alta Verapaz.<\/li>\n<\/ul>\n<p style=\"text-align: justify;\"><a href=\"https:\/\/www.facebook.com\/codede.av?__cft__[0]=AZVotDCvsEPrtUWJpFGX2UQ6vIyV-OqOnR1_LcOZJIT5iMFfLljuvSe2x1bvWAUcdQkrbxgJqtRZJU9Vt73WhKO8UXM1-43-tJWqMsuzROQeTGnv1ceUmpfZNK6Ectwkp_8FJHoaVc6YNeWpZhpLjSFEc3lVyKKJJqXk_vocSplPjXSdhVboGtQTHcJw8TS8M9I&amp;__tn__=-]K-R\" target=\"_blank\" rel=\"noopener\">Muni Carch\u00e1 Codede AV<\/a><br \/>\n<a href=\"https:\/\/www.facebook.com\/hashtag\/elgobdelosguatemaltecos?__eep__=6&amp;__cft__[0]=AZVotDCvsEPrtUWJpFGX2UQ6vIyV-OqOnR1_LcOZJIT5iMFfLljuvSe2x1bvWAUcdQkrbxgJqtRZJU9Vt73WhKO8UXM1-43-tJWqMsuzROQeTGnv1ceUmpfZNK6Ectwkp_8FJHoaVc6YNeWpZhpLjSFEc3lVyKKJJqXk_vocSplPjXSdhVboGtQTHcJw8TS8M9I&amp;__tn__=*NK-R\" target=\"_blank\" rel=\"noopener\">#ElGobDeLosGuatemaltecos<\/a><\/p>\n","protected":false},"excerpt":{"rendered":"<p>Con el objetivo de encaminar el desarrollo en el Departamento.<\/p>\n","protected":false},"author":1,"featured_media":15968,"comment_status":"closed","ping_status":"open","sticky":false,"template":"","format":"standard","meta":[],"categories":[183],"tags":[178],"_links":{"self":[{"href":"https:\/\/gobernacionaltaverapaz.gob.gt\/index.php?rest_route=\/wp\/v2\/posts\/15967"}],"collection":[{"href":"https:\/\/gobernacionaltaverapaz.gob.gt\/index.php?rest_route=\/wp\/v2\/posts"}],"about":[{"href":"https:\/\/gobernacionaltaverapaz.gob.gt\/index.php?rest_route=\/wp\/v2\/types\/post"}],"author":[{"embeddable":true,"href":"https:\/\/gobernacionaltaverapaz.gob.gt\/index.php?rest_route=\/wp\/v2\/users\/1"}],"replies":[{"embeddable":true,"href":"https:\/\/gobernacionaltaverapaz.gob.gt\/index.php?rest_route=%2Fwp%2Fv2%2Fcomments&post=15967"}],"version-history":[{"count":4,"href":"https:\/\/gobernacionaltaverapaz.gob.gt\/index.php?rest_route=\/wp\/v2\/posts\/15967\/revisions"}],"predecessor-version":[{"id":15991,"href":"https:\/\/gobernacionaltaverapaz.gob.gt\/index.php?rest_route=\/wp\/v2\/posts\/15967\/revisions\/15991"}],"wp:featuredmedia":[{"embeddable":true,"href":"https:\/\/gobernacionaltaverapaz.gob.gt\/index.php?rest_route=\/wp\/v2\/media\/15968"}],"wp:attachment":[{"href":"https:\/\/gobernacionaltaverapaz.gob.gt\/index.php?rest_route=%2Fwp%2Fv2%2Fmedia&parent=15967"}],"wp:term":[{"taxonomy":"category","embeddable":true,"href":"https:\/\/gobernacionaltaverapaz.gob.gt\/index.php?rest_route=%2Fwp%2Fv2%2Fcategories&post=15967"},{"taxonomy":"post_tag","embeddable":true,"href":"https:\/\/gobernacionaltaverapaz.gob.gt\/index.php?rest_route=%2Fwp%2Fv2%2Ftags&post=15967"}],"curies":[{"name":"wp","href":"https:\/\/api.w.org\/{rel}","templated":true}]}}