{"id":15981,"date":"2023-07-24T16:07:51","date_gmt":"2023-07-24T22:07:51","guid":{"rendered":"https:\/\/gobernacionaltaverapaz.gob.gt\/?p=15981"},"modified":"2023-08-03T15:23:32","modified_gmt":"2023-08-03T21:23:32","slug":"firma-de-convenios-de-ejecucion-de-obras-y-la-municipalidad-de-tucuru-a-v","status":"publish","type":"post","link":"https:\/\/gobernacionaltaverapaz.gob.gt\/?p=15981","title":{"rendered":"Firma de convenios de ejecuci\u00f3n de obras entre el CODEDE y la Municipalidad de Tucur\u00fa, A.V."},"content":{"rendered":"<p style=\"text-align: justify;\"><a href=\"https:\/\/www.facebook.com\/hashtag\/altaverapaz?__eep__=6&amp;__cft__[0]=AZXHO_euSBc13Gbum5wO0TnFf8viS8o7cI1X933971zci2PJO-fofRK3lhGHA43ZHm7-j8eA9rr3vHQLokT7mmsO4zIV__SCalNHUlSDJz5lCfvIzd2IV7ij9FsQeBC_S9j1pGqwznimMnBu7_0rJpJM2lWC9voPR3nEBQU_goVmIoseENriVLlWLvb38cSi-s0&amp;__tn__=*NK-R\" target=\"_blank\" rel=\"noopener\">#AltaVerapaz<\/a><\/p>\n<p style=\"text-align: justify;\">Con el objetivo de Impulsar el desarrollo en el Departamento, la Sra Gobernadora de Alta Verapaz, llev\u00f3 a cabo el acto de la firma de convenios de ejecuci\u00f3n de obras entre el Consejo Departamental de Desarrollo y la Municipalidad de Tucuru, Alta Verapaz.<\/p>\n<p style=\"text-align: justify;\">Convenios que permitir\u00e1n la ejecuci\u00f3n en este a\u00f1o de los\u00a0 proyectos:<\/p>\n<ul>\n<li style=\"text-align: justify;\">Construcci\u00f3n Puente Peatonal (HAMACA) Caser\u00edo Pampolvo.<\/li>\n<li style=\"text-align: justify;\">Construcci\u00f3n Sistema de Agua Potable, Caser\u00edo Sepilapec.<\/li>\n<li style=\"text-align: justify;\">Construcci\u00f3n Escuela Primaria Bilingue Parcelamiento la Fortaleza Guaxpom, Tucuru, Alta Verapaz.<\/li>\n<\/ul>\n<p style=\"text-align: justify;\">\u00a0<a href=\"https:\/\/www.facebook.com\/codede.av?__cft__[0]=AZXHO_euSBc13Gbum5wO0TnFf8viS8o7cI1X933971zci2PJO-fofRK3lhGHA43ZHm7-j8eA9rr3vHQLokT7mmsO4zIV__SCalNHUlSDJz5lCfvIzd2IV7ij9FsQeBC_S9j1pGqwznimMnBu7_0rJpJM2lWC9voPR3nEBQU_goVmIoseENriVLlWLvb38cSi-s0&amp;__tn__=-]K-R\" target=\"_blank\" rel=\"noopener\">Codede AV<\/a><br \/>\n<a href=\"https:\/\/www.facebook.com\/profile.php?id=100066523150518&amp;__cft__[0]=AZXHO_euSBc13Gbum5wO0TnFf8viS8o7cI1X933971zci2PJO-fofRK3lhGHA43ZHm7-j8eA9rr3vHQLokT7mmsO4zIV__SCalNHUlSDJz5lCfvIzd2IV7ij9FsQeBC_S9j1pGqwznimMnBu7_0rJpJM2lWC9voPR3nEBQU_goVmIoseENriVLlWLvb38cSi-s0&amp;__tn__=-]K-R\" target=\"_blank\" rel=\"noopener\">Municipalidad de Tucur\u00fa, Alta Verapaz<\/a><\/p>\n<p style=\"text-align: justify;\"><a href=\"https:\/\/www.facebook.com\/hashtag\/elgobdelosguatemaltecos?__eep__=6&amp;__cft__[0]=AZXHO_euSBc13Gbum5wO0TnFf8viS8o7cI1X933971zci2PJO-fofRK3lhGHA43ZHm7-j8eA9rr3vHQLokT7mmsO4zIV__SCalNHUlSDJz5lCfvIzd2IV7ij9FsQeBC_S9j1pGqwznimMnBu7_0rJpJM2lWC9voPR3nEBQU_goVmIoseENriVLlWLvb38cSi-s0&amp;__tn__=*NK-R\" target=\"_blank\" rel=\"noopener\">#ElGobDeLosGuatemaltecos<\/a><\/p>\n<p><img decoding=\"async\" loading=\"lazy\" class=\"alignnone size-full wp-image-15984\" src=\"https:\/\/gobernacionaltaverapaz.gob.gt\/wp-content\/uploads\/2023\/08\/003-27.jpg\" alt=\"\" width=\"900\" height=\"657\" srcset=\"https:\/\/gobernacionaltaverapaz.gob.gt\/wp-content\/uploads\/2023\/08\/003-27.jpg 900w, https:\/\/gobernacionaltaverapaz.gob.gt\/wp-content\/uploads\/2023\/08\/003-27-300x219.jpg 300w, https:\/\/gobernacionaltaverapaz.gob.gt\/wp-content\/uploads\/2023\/08\/003-27-768x561.jpg 768w\" sizes=\"(max-width: 900px) 100vw, 900px\" \/> <img decoding=\"async\" loading=\"lazy\" class=\"alignnone size-full wp-image-15983\" src=\"https:\/\/gobernacionaltaverapaz.gob.gt\/wp-content\/uploads\/2023\/08\/002-46.jpg\" alt=\"\" width=\"900\" height=\"849\" srcset=\"https:\/\/gobernacionaltaverapaz.gob.gt\/wp-content\/uploads\/2023\/08\/002-46.jpg 900w, https:\/\/gobernacionaltaverapaz.gob.gt\/wp-content\/uploads\/2023\/08\/002-46-300x283.jpg 300w, https:\/\/gobernacionaltaverapaz.gob.gt\/wp-content\/uploads\/2023\/08\/002-46-768x724.jpg 768w\" sizes=\"(max-width: 900px) 100vw, 900px\" \/><\/p>\n","protected":false},"excerpt":{"rendered":"<p>Con el objetivo de Impulsar el desarrollo en el Departamento.<\/p>\n","protected":false},"author":1,"featured_media":15982,"comment_status":"closed","ping_status":"open","sticky":false,"template":"","format":"standard","meta":[],"categories":[183,2,173,4],"tags":[178],"_links":{"self":[{"href":"https:\/\/gobernacionaltaverapaz.gob.gt\/index.php?rest_route=\/wp\/v2\/posts\/15981"}],"collection":[{"href":"https:\/\/gobernacionaltaverapaz.gob.gt\/index.php?rest_route=\/wp\/v2\/posts"}],"about":[{"href":"https:\/\/gobernacionaltaverapaz.gob.gt\/index.php?rest_route=\/wp\/v2\/types\/post"}],"author":[{"embeddable":true,"href":"https:\/\/gobernacionaltaverapaz.gob.gt\/index.php?rest_route=\/wp\/v2\/users\/1"}],"replies":[{"embeddable":true,"href":"https:\/\/gobernacionaltaverapaz.gob.gt\/index.php?rest_route=%2Fwp%2Fv2%2Fcomments&post=15981"}],"version-history":[{"count":4,"href":"https:\/\/gobernacionaltaverapaz.gob.gt\/index.php?rest_route=\/wp\/v2\/posts\/15981\/revisions"}],"predecessor-version":[{"id":15988,"href":"https:\/\/gobernacionaltaverapaz.gob.gt\/index.php?rest_route=\/wp\/v2\/posts\/15981\/revisions\/15988"}],"wp:featuredmedia":[{"embeddable":true,"href":"https:\/\/gobernacionaltaverapaz.gob.gt\/index.php?rest_route=\/wp\/v2\/media\/15982"}],"wp:attachment":[{"href":"https:\/\/gobernacionaltaverapaz.gob.gt\/index.php?rest_route=%2Fwp%2Fv2%2Fmedia&parent=15981"}],"wp:term":[{"taxonomy":"category","embeddable":true,"href":"https:\/\/gobernacionaltaverapaz.gob.gt\/index.php?rest_route=%2Fwp%2Fv2%2Fcategories&post=15981"},{"taxonomy":"post_tag","embeddable":true,"href":"https:\/\/gobernacionaltaverapaz.gob.gt\/index.php?rest_route=%2Fwp%2Fv2%2Ftags&post=15981"}],"curies":[{"name":"wp","href":"https:\/\/api.w.org\/{rel}","templated":true}]}}