{"id":15996,"date":"2023-07-24T16:35:44","date_gmt":"2023-07-24T22:35:44","guid":{"rendered":"https:\/\/gobernacionaltaverapaz.gob.gt\/?p=15996"},"modified":"2023-08-03T16:11:11","modified_gmt":"2023-08-03T22:11:11","slug":"rehabilitacion-del-puente-sin-cabeza-en-el-puerto-san-jose-escuintla","status":"publish","type":"post","link":"https:\/\/gobernacionaltaverapaz.gob.gt\/?p=15996","title":{"rendered":"Rehabilitaci\u00f3n del Puente Sin Cabeza, en el Puerto San Jos\u00e9, Escuintla"},"content":{"rendered":"<p><a href=\"https:\/\/www.facebook.com\/civguate?__cft__[0]=AZWqumjOqCkJrsbh6zjVEITU8394CJgnUw_35x8xu-vB1elah2D1WMvohK2ajlo0uGElKOMrjqd82ovsgfryEFqKemfGn_YyL6nxWLkdM6m6Pblwk0o7WXP18ib89NLf4OxYTkYyvQV0fqgS7SJ22yZGdlyN0MCYZZKz_1dHhEvTim4ljnmJDkrUKAkTfXUtnFEoY2q4njwWiJbXPo46XhO2&amp;__tn__=-]K-R\" target=\"_blank\" rel=\"noopener\">CIV- Ministerio de Comunicaciones<\/a><\/p>\n<p style=\"text-align: justify;\">Seguimos avanzando en la Rehabilitaci\u00f3n del Puente Sin Cabeza, en el Puerto San Jos\u00e9, <a href=\"https:\/\/www.facebook.com\/hashtag\/escuintla?__eep__=6&amp;__cft__[0]=AZWqumjOqCkJrsbh6zjVEITU8394CJgnUw_35x8xu-vB1elah2D1WMvohK2ajlo0uGElKOMrjqd82ovsgfryEFqKemfGn_YyL6nxWLkdM6m6Pblwk0o7WXP18ib89NLf4OxYTkYyvQV0fqgS7SJ22yZGdlyN0MCYZZKz_1dHhEvTim4ljnmJDkrUKAkTfXUtnFEoY2q4njwWiJbXPo46XhO2&amp;__tn__=*NK-y-R\" target=\"_blank\" rel=\"noopener\">#Escuintla<\/a>.<\/p>\n<p style=\"text-align: justify;\">Estos trabajos permitir\u00e1n una mejor fluidez vehicular para los vacacionistas o comerciantes que transitan por la Ruta CA-9 Sur.<\/p>\n<div><\/div>\n","protected":false},"excerpt":{"rendered":"<p>CIV- Ministerio de Comunicaciones Seguimos avanzando en la Rehabilitaci\u00f3n del Puente Sin Cabeza, en el Puerto San Jos\u00e9, #Escuintla. Estos trabajos permitir\u00e1n una mejor fluidez vehicular para los vacacionistas o comerciantes que transitan por la Ruta CA-9 Sur.<\/p>\n","protected":false},"author":1,"featured_media":15997,"comment_status":"closed","ping_status":"open","sticky":false,"template":"","format":"gallery","meta":[],"categories":[4],"tags":[178],"_links":{"self":[{"href":"https:\/\/gobernacionaltaverapaz.gob.gt\/index.php?rest_route=\/wp\/v2\/posts\/15996"}],"collection":[{"href":"https:\/\/gobernacionaltaverapaz.gob.gt\/index.php?rest_route=\/wp\/v2\/posts"}],"about":[{"href":"https:\/\/gobernacionaltaverapaz.gob.gt\/index.php?rest_route=\/wp\/v2\/types\/post"}],"author":[{"embeddable":true,"href":"https:\/\/gobernacionaltaverapaz.gob.gt\/index.php?rest_route=\/wp\/v2\/users\/1"}],"replies":[{"embeddable":true,"href":"https:\/\/gobernacionaltaverapaz.gob.gt\/index.php?rest_route=%2Fwp%2Fv2%2Fcomments&post=15996"}],"version-history":[{"count":2,"href":"https:\/\/gobernacionaltaverapaz.gob.gt\/index.php?rest_route=\/wp\/v2\/posts\/15996\/revisions"}],"predecessor-version":[{"id":16002,"href":"https:\/\/gobernacionaltaverapaz.gob.gt\/index.php?rest_route=\/wp\/v2\/posts\/15996\/revisions\/16002"}],"wp:featuredmedia":[{"embeddable":true,"href":"https:\/\/gobernacionaltaverapaz.gob.gt\/index.php?rest_route=\/wp\/v2\/media\/15997"}],"wp:attachment":[{"href":"https:\/\/gobernacionaltaverapaz.gob.gt\/index.php?rest_route=%2Fwp%2Fv2%2Fmedia&parent=15996"}],"wp:term":[{"taxonomy":"category","embeddable":true,"href":"https:\/\/gobernacionaltaverapaz.gob.gt\/index.php?rest_route=%2Fwp%2Fv2%2Fcategories&post=15996"},{"taxonomy":"post_tag","embeddable":true,"href":"https:\/\/gobernacionaltaverapaz.gob.gt\/index.php?rest_route=%2Fwp%2Fv2%2Ftags&post=15996"}],"curies":[{"name":"wp","href":"https:\/\/api.w.org\/{rel}","templated":true}]}}