{"id":16004,"date":"2023-07-25T16:16:09","date_gmt":"2023-07-25T22:16:09","guid":{"rendered":"https:\/\/gobernacionaltaverapaz.gob.gt\/?p=16004"},"modified":"2023-08-04T08:20:51","modified_gmt":"2023-08-04T14:20:51","slug":"mejoramiento-carretera-chimaltenango","status":"publish","type":"post","link":"https:\/\/gobernacionaltaverapaz.gob.gt\/?p=16004","title":{"rendered":"Mejoramiento carretera Chimaltenango"},"content":{"rendered":"<p><a href=\"https:\/\/www.facebook.com\/guatemalagob\/videos\/262045109900122\/\" target=\"_blank\" rel=\"noopener\"><img decoding=\"async\" loading=\"lazy\" class=\"alignnone wp-image-16006 size-full\" title=\"Ver video\" src=\"https:\/\/gobernacionaltaverapaz.gob.gt\/wp-content\/uploads\/2023\/08\/002-49.jpg\" alt=\"\" width=\"900\" height=\"600\" srcset=\"https:\/\/gobernacionaltaverapaz.gob.gt\/wp-content\/uploads\/2023\/08\/002-49.jpg 900w, https:\/\/gobernacionaltaverapaz.gob.gt\/wp-content\/uploads\/2023\/08\/002-49-300x200.jpg 300w, https:\/\/gobernacionaltaverapaz.gob.gt\/wp-content\/uploads\/2023\/08\/002-49-768x512.jpg 768w\" sizes=\"(max-width: 900px) 100vw, 900px\" \/><\/a><\/p>\n<p style=\"text-align: justify;\">El mejoramiento de carretera entre Patz\u00fan y Tecp\u00e1n ha impulsado la econom\u00eda y desarrollo de cientos de comerciantes, agricultores y vendedores; ahora sus productos llegan frescos y en buen estado.<\/p>\n<p style=\"text-align: justify;\">Conoce la historia de Efra\u00edn Tum y Mar\u00eda Muj, <a href=\"https:\/\/www.facebook.com\/watch\/hashtag\/protagonistasdenuestrotiempo?__eep__=6%2F&amp;__cft__[0]=AZVuw3I_NP5Ig6WOizC1yDYZ4__qHq61djiFMKdpFnXNn49GOpiN9YfM2WZblWXAXa853pVOiTatb0y0ADU3OIuqJctdmPWv8-y-_2aV3vEii-FtWeu60G-XRNQLikxzN4f5Xg0nS5Xk9T_tOURUmQ2cJ1No_KcyoDohVauiDbLFarmQdPVxQQga_FrkYaSttvMRmvAwLxRmQ0eMavhmHQ1W&amp;__tn__=*NK-R\" target=\"_blank\" rel=\"noopener\">#ProtagonistasDeNuestroTiempo<\/a>.<\/p>\n","protected":false},"excerpt":{"rendered":"<p>El mejoramiento de carretera entre Patz\u00fan y Tecp\u00e1n ha impulsado la econom\u00eda y desarrollo de cientos de comerciantes, agricultores y vendedores; ahora sus productos llegan frescos y en buen estado. Conoce la historia de Efra\u00edn Tum y Mar\u00eda Muj, #ProtagonistasDeNuestroTiempo.<\/p>\n","protected":false},"author":1,"featured_media":16005,"comment_status":"closed","ping_status":"open","sticky":false,"template":"","format":"video","meta":[],"categories":[4],"tags":[178],"_links":{"self":[{"href":"https:\/\/gobernacionaltaverapaz.gob.gt\/index.php?rest_route=\/wp\/v2\/posts\/16004"}],"collection":[{"href":"https:\/\/gobernacionaltaverapaz.gob.gt\/index.php?rest_route=\/wp\/v2\/posts"}],"about":[{"href":"https:\/\/gobernacionaltaverapaz.gob.gt\/index.php?rest_route=\/wp\/v2\/types\/post"}],"author":[{"embeddable":true,"href":"https:\/\/gobernacionaltaverapaz.gob.gt\/index.php?rest_route=\/wp\/v2\/users\/1"}],"replies":[{"embeddable":true,"href":"https:\/\/gobernacionaltaverapaz.gob.gt\/index.php?rest_route=%2Fwp%2Fv2%2Fcomments&post=16004"}],"version-history":[{"count":1,"href":"https:\/\/gobernacionaltaverapaz.gob.gt\/index.php?rest_route=\/wp\/v2\/posts\/16004\/revisions"}],"predecessor-version":[{"id":16007,"href":"https:\/\/gobernacionaltaverapaz.gob.gt\/index.php?rest_route=\/wp\/v2\/posts\/16004\/revisions\/16007"}],"wp:featuredmedia":[{"embeddable":true,"href":"https:\/\/gobernacionaltaverapaz.gob.gt\/index.php?rest_route=\/wp\/v2\/media\/16005"}],"wp:attachment":[{"href":"https:\/\/gobernacionaltaverapaz.gob.gt\/index.php?rest_route=%2Fwp%2Fv2%2Fmedia&parent=16004"}],"wp:term":[{"taxonomy":"category","embeddable":true,"href":"https:\/\/gobernacionaltaverapaz.gob.gt\/index.php?rest_route=%2Fwp%2Fv2%2Fcategories&post=16004"},{"taxonomy":"post_tag","embeddable":true,"href":"https:\/\/gobernacionaltaverapaz.gob.gt\/index.php?rest_route=%2Fwp%2Fv2%2Ftags&post=16004"}],"curies":[{"name":"wp","href":"https:\/\/api.w.org\/{rel}","templated":true}]}}