{"id":16013,"date":"2023-07-26T10:36:25","date_gmt":"2023-07-26T16:36:25","guid":{"rendered":"https:\/\/gobernacionaltaverapaz.gob.gt\/?p=16013"},"modified":"2023-08-04T08:58:15","modified_gmt":"2023-08-04T14:58:15","slug":"recorrido-educativo-parque-arqueologico-tayasal","status":"publish","type":"post","link":"https:\/\/gobernacionaltaverapaz.gob.gt\/?p=16013","title":{"rendered":"Recorrido educativo Parque Arqueol\u00f3gico Tayasal"},"content":{"rendered":"<p><a href=\"https:\/\/www.facebook.com\/CulturayDeportesGT?__cft__[0]=AZUVwYxVCxHBjDUOsMAQWp05VtxRKDB5Ch-IQH1Tja1AWwuYuLeG9ZFaxNMPMfxEDr5YDDD7K5V9cblpMSBoNXqeVJdNuVh7NkXuwFDLT3DHXm1ZH-HKgpJ21YQxGvj_8Tzer5tx8kE2N4wTCXklVS6lPfHM4ic5HHK1aRB0HLxqhfokRVvHBZgLNC0oqpeVh2EQlDAkGyGJVGO5-LHHXqmw&amp;__tn__=-]K-R\" target=\"_blank\" rel=\"noopener\">Ministerio de Cultura y Deportes Guatemala<\/a><\/p>\n<p style=\"text-align: justify;\">En un recorrido educativo, ni\u00f1os y j\u00f3venes de la escuela primaria de la aldea Col Pet\u00e9n en El Chal, Pet\u00e9n, recorrieron las diferentes \u00e1reas del Parque Arqueol\u00f3gico Tayasal.<\/p>\n<p style=\"text-align: justify;\"><a href=\"https:\/\/www.facebook.com\/hashtag\/3mila%C3%B1osriquezaculturalgt?__eep__=6&amp;__cft__[0]=AZUVwYxVCxHBjDUOsMAQWp05VtxRKDB5Ch-IQH1Tja1AWwuYuLeG9ZFaxNMPMfxEDr5YDDD7K5V9cblpMSBoNXqeVJdNuVh7NkXuwFDLT3DHXm1ZH-HKgpJ21YQxGvj_8Tzer5tx8kE2N4wTCXklVS6lPfHM4ic5HHK1aRB0HLxqhfokRVvHBZgLNC0oqpeVh2EQlDAkGyGJVGO5-LHHXqmw&amp;__tn__=*NK-y-R\" target=\"_blank\" rel=\"noopener\">#3milA\u00f1osRiquezaCulturalGT<\/a><br \/>\n<a href=\"https:\/\/www.facebook.com\/hashtag\/culturamotordesarrollogt?__eep__=6&amp;__cft__[0]=AZUVwYxVCxHBjDUOsMAQWp05VtxRKDB5Ch-IQH1Tja1AWwuYuLeG9ZFaxNMPMfxEDr5YDDD7K5V9cblpMSBoNXqeVJdNuVh7NkXuwFDLT3DHXm1ZH-HKgpJ21YQxGvj_8Tzer5tx8kE2N4wTCXklVS6lPfHM4ic5HHK1aRB0HLxqhfokRVvHBZgLNC0oqpeVh2EQlDAkGyGJVGO5-LHHXqmw&amp;__tn__=*NK-y-R\" target=\"_blank\" rel=\"noopener\">#CulturaMotorDesarrolloGT<\/a><br \/>\n<a href=\"https:\/\/www.facebook.com\/hashtag\/culturaguate?__eep__=6&amp;__cft__[0]=AZUVwYxVCxHBjDUOsMAQWp05VtxRKDB5Ch-IQH1Tja1AWwuYuLeG9ZFaxNMPMfxEDr5YDDD7K5V9cblpMSBoNXqeVJdNuVh7NkXuwFDLT3DHXm1ZH-HKgpJ21YQxGvj_8Tzer5tx8kE2N4wTCXklVS6lPfHM4ic5HHK1aRB0HLxqhfokRVvHBZgLNC0oqpeVh2EQlDAkGyGJVGO5-LHHXqmw&amp;__tn__=*NK-y-R\" target=\"_blank\" rel=\"noopener\">#culturaGUATE<\/a><\/p>\n<div><\/div>\n","protected":false},"excerpt":{"rendered":"<p>Ministerio de Cultura y Deportes Guatemala En un recorrido educativo, ni\u00f1os y j\u00f3venes de la escuela primaria de la aldea Col Pet\u00e9n en El Chal, Pet\u00e9n, recorrieron las diferentes \u00e1reas del Parque Arqueol\u00f3gico Tayasal. #3milA\u00f1osRiquezaCulturalGT #CulturaMotorDesarrolloGT #culturaGUATE<\/p>\n","protected":false},"author":1,"featured_media":16016,"comment_status":"closed","ping_status":"open","sticky":false,"template":"","format":"gallery","meta":[],"categories":[2],"tags":[178],"_links":{"self":[{"href":"https:\/\/gobernacionaltaverapaz.gob.gt\/index.php?rest_route=\/wp\/v2\/posts\/16013"}],"collection":[{"href":"https:\/\/gobernacionaltaverapaz.gob.gt\/index.php?rest_route=\/wp\/v2\/posts"}],"about":[{"href":"https:\/\/gobernacionaltaverapaz.gob.gt\/index.php?rest_route=\/wp\/v2\/types\/post"}],"author":[{"embeddable":true,"href":"https:\/\/gobernacionaltaverapaz.gob.gt\/index.php?rest_route=\/wp\/v2\/users\/1"}],"replies":[{"embeddable":true,"href":"https:\/\/gobernacionaltaverapaz.gob.gt\/index.php?rest_route=%2Fwp%2Fv2%2Fcomments&post=16013"}],"version-history":[{"count":3,"href":"https:\/\/gobernacionaltaverapaz.gob.gt\/index.php?rest_route=\/wp\/v2\/posts\/16013\/revisions"}],"predecessor-version":[{"id":16020,"href":"https:\/\/gobernacionaltaverapaz.gob.gt\/index.php?rest_route=\/wp\/v2\/posts\/16013\/revisions\/16020"}],"wp:featuredmedia":[{"embeddable":true,"href":"https:\/\/gobernacionaltaverapaz.gob.gt\/index.php?rest_route=\/wp\/v2\/media\/16016"}],"wp:attachment":[{"href":"https:\/\/gobernacionaltaverapaz.gob.gt\/index.php?rest_route=%2Fwp%2Fv2%2Fmedia&parent=16013"}],"wp:term":[{"taxonomy":"category","embeddable":true,"href":"https:\/\/gobernacionaltaverapaz.gob.gt\/index.php?rest_route=%2Fwp%2Fv2%2Fcategories&post=16013"},{"taxonomy":"post_tag","embeddable":true,"href":"https:\/\/gobernacionaltaverapaz.gob.gt\/index.php?rest_route=%2Fwp%2Fv2%2Ftags&post=16013"}],"curies":[{"name":"wp","href":"https:\/\/api.w.org\/{rel}","templated":true}]}}