{"id":16021,"date":"2023-07-26T11:04:22","date_gmt":"2023-07-26T17:04:22","guid":{"rendered":"https:\/\/gobernacionaltaverapaz.gob.gt\/?p=16021"},"modified":"2023-08-04T09:14:24","modified_gmt":"2023-08-04T15:14:24","slug":"autoridades-maritimas-realiza-levantamiento-batimetrico-pre-dragado-en-el-canal-de-chiquimulilla","status":"publish","type":"post","link":"https:\/\/gobernacionaltaverapaz.gob.gt\/?p=16021","title":{"rendered":"Autoridades Mar\u00edtimas realiza levantamiento batim\u00e9trico pre-dragado en el Canal de Chiquimulilla"},"content":{"rendered":"<p style=\"text-align: justify;\"><a href=\"https:\/\/www.facebook.com\/hashtag\/ej%C3%A9rcitogt?__eep__=6&amp;__cft__[0]=AZUurWabq3ru6LoToNv9c8gpiN1SKsjyw39HgvGTB6vDma24bEHrdzhhOzfyBtgrdvLGosLHc7hi3RIBik2behA_K3VPqJQu9aaQWEqDNy_3BNrHUqx9zCsBRDIyjL7Fer_OYWUEiND2vZDx72Q8SfnebpAbcfKu45SO0aUBExcya8lGYcjU0ucQNLRL1BGZH98Bj7nKBjfweHmHr3e7iWX4&amp;__tn__=*NK-y-R\" target=\"_blank\" rel=\"noopener\">#Ej\u00e9rcitoGT<\/a> a trav\u00e9s de Autoridades Mar\u00edtimas, realiza levantamiento batim\u00e9trico pre-dragado en el Canal de Chiquimulilla,\u00a0 en las \u00e1reas del Zanj\u00f3n Chilate y El Laberinto, de Puerto San Jos\u00e9, <a href=\"https:\/\/www.facebook.com\/hashtag\/escuintla?__eep__=6&amp;__cft__[0]=AZUurWabq3ru6LoToNv9c8gpiN1SKsjyw39HgvGTB6vDma24bEHrdzhhOzfyBtgrdvLGosLHc7hi3RIBik2behA_K3VPqJQu9aaQWEqDNy_3BNrHUqx9zCsBRDIyjL7Fer_OYWUEiND2vZDx72Q8SfnebpAbcfKu45SO0aUBExcya8lGYcjU0ucQNLRL1BGZH98Bj7nKBjfweHmHr3e7iWX4&amp;__tn__=*NK-y-R\" target=\"_blank\" rel=\"noopener\">#Escuintla<\/a>.<\/p>\n<div><\/div>\n","protected":false},"excerpt":{"rendered":"<p>#Ej\u00e9rcitoGT a trav\u00e9s de Autoridades Mar\u00edtimas, realiza levantamiento batim\u00e9trico pre-dragado en el Canal de Chiquimulilla,\u00a0 en las \u00e1reas del Zanj\u00f3n Chilate y El Laberinto, de Puerto San Jos\u00e9, #Escuintla.<\/p>\n","protected":false},"author":1,"featured_media":16023,"comment_status":"closed","ping_status":"open","sticky":false,"template":"","format":"gallery","meta":[],"categories":[6],"tags":[178],"_links":{"self":[{"href":"https:\/\/gobernacionaltaverapaz.gob.gt\/index.php?rest_route=\/wp\/v2\/posts\/16021"}],"collection":[{"href":"https:\/\/gobernacionaltaverapaz.gob.gt\/index.php?rest_route=\/wp\/v2\/posts"}],"about":[{"href":"https:\/\/gobernacionaltaverapaz.gob.gt\/index.php?rest_route=\/wp\/v2\/types\/post"}],"author":[{"embeddable":true,"href":"https:\/\/gobernacionaltaverapaz.gob.gt\/index.php?rest_route=\/wp\/v2\/users\/1"}],"replies":[{"embeddable":true,"href":"https:\/\/gobernacionaltaverapaz.gob.gt\/index.php?rest_route=%2Fwp%2Fv2%2Fcomments&post=16021"}],"version-history":[{"count":3,"href":"https:\/\/gobernacionaltaverapaz.gob.gt\/index.php?rest_route=\/wp\/v2\/posts\/16021\/revisions"}],"predecessor-version":[{"id":16028,"href":"https:\/\/gobernacionaltaverapaz.gob.gt\/index.php?rest_route=\/wp\/v2\/posts\/16021\/revisions\/16028"}],"wp:featuredmedia":[{"embeddable":true,"href":"https:\/\/gobernacionaltaverapaz.gob.gt\/index.php?rest_route=\/wp\/v2\/media\/16023"}],"wp:attachment":[{"href":"https:\/\/gobernacionaltaverapaz.gob.gt\/index.php?rest_route=%2Fwp%2Fv2%2Fmedia&parent=16021"}],"wp:term":[{"taxonomy":"category","embeddable":true,"href":"https:\/\/gobernacionaltaverapaz.gob.gt\/index.php?rest_route=%2Fwp%2Fv2%2Fcategories&post=16021"},{"taxonomy":"post_tag","embeddable":true,"href":"https:\/\/gobernacionaltaverapaz.gob.gt\/index.php?rest_route=%2Fwp%2Fv2%2Ftags&post=16021"}],"curies":[{"name":"wp","href":"https:\/\/api.w.org\/{rel}","templated":true}]}}