{"id":16040,"date":"2023-07-28T10:39:39","date_gmt":"2023-07-28T16:39:39","guid":{"rendered":"https:\/\/gobernacionaltaverapaz.gob.gt\/?p=16040"},"modified":"2023-08-04T09:37:22","modified_gmt":"2023-08-04T15:37:22","slug":"firma-de-convenios-de-ejecucion-de-obras-entre-el-codede-y-la-municipalidad-de-fray-bartolome-de-las-casas-a-v","status":"publish","type":"post","link":"https:\/\/gobernacionaltaverapaz.gob.gt\/?p=16040","title":{"rendered":"Firma de convenios de ejecuci\u00f3n de obras entre el CODEDE y la Municipalidad de Fray Bartolom\u00e9 de las Casas, A.V."},"content":{"rendered":"<p style=\"text-align: justify;\"><a href=\"https:\/\/www.facebook.com\/hashtag\/altaverapaz?__eep__=6&amp;__cft__[0]=AZXq7zDr2JWK1-jLTeZTLBLvIFVlheuNW-HUylGXl-pdyPCX9HzF-S2EqIGdBugkWEWnwPbGyKDce5r5-fNu9PCJyqPWcGspwiuAaah32V2YM26czGYgSvjasTB_EQVhpHDn94a7lUDNgAX-sqbgH60bd3cBuxr2vm1O_TjP-_EzZy0RD02Yb82AEek291EZ40Q&amp;__tn__=*NK-R\" target=\"_blank\" rel=\"noopener\">#AltaVerapaz<\/a><\/p>\n<p style=\"text-align: justify;\">Con el objetivo de Impulsar el desarrollo en el Departamento, la Sra. Gobernadora de Alta Verapaz, llev\u00f3 a cabo el acto de la firma de convenios de ejecuci\u00f3n de obras entre el Consejo Departamental de Desarrollo y la Municipalidad de Fray Bartolom\u00e9 de las Casas, Alta Verapaz.<\/p>\n<p style=\"text-align: justify;\">Convenios que permitir\u00e1n la ejecuci\u00f3n en este a\u00f1o de los\u00a0 proyectos:<\/p>\n<ul>\n<li style=\"text-align: justify;\">Construcci\u00f3n Centro Comunitario de Salud, Aldea Nueva Libertad.<\/li>\n<li style=\"text-align: justify;\">Construcci\u00f3n Centro Comunitario de Salud, Caserio Xalitzul, Fray Bartolom\u00e9 de las Casas.<\/li>\n<\/ul>\n<p style=\"text-align: justify;\">\u00a0<a href=\"https:\/\/www.facebook.com\/codede.av?__cft__[0]=AZXq7zDr2JWK1-jLTeZTLBLvIFVlheuNW-HUylGXl-pdyPCX9HzF-S2EqIGdBugkWEWnwPbGyKDce5r5-fNu9PCJyqPWcGspwiuAaah32V2YM26czGYgSvjasTB_EQVhpHDn94a7lUDNgAX-sqbgH60bd3cBuxr2vm1O_TjP-_EzZy0RD02Yb82AEek291EZ40Q&amp;__tn__=-]K-R\" target=\"_blank\" rel=\"noopener\">Codede AV<\/a><br \/>\n<a href=\"https:\/\/www.facebook.com\/MuniFrayBartolomeDeLasCasas?__cft__[0]=AZXq7zDr2JWK1-jLTeZTLBLvIFVlheuNW-HUylGXl-pdyPCX9HzF-S2EqIGdBugkWEWnwPbGyKDce5r5-fNu9PCJyqPWcGspwiuAaah32V2YM26czGYgSvjasTB_EQVhpHDn94a7lUDNgAX-sqbgH60bd3cBuxr2vm1O_TjP-_EzZy0RD02Yb82AEek291EZ40Q&amp;__tn__=-]K-R\" target=\"_blank\" rel=\"noopener\">Municipalidad Fray Bartolom\u00e9 de las Casas, A.V.<\/a><\/p>\n<p style=\"text-align: justify;\"><a href=\"https:\/\/www.facebook.com\/hashtag\/elgobdelosguatemaltecos?__eep__=6&amp;__cft__[0]=AZXq7zDr2JWK1-jLTeZTLBLvIFVlheuNW-HUylGXl-pdyPCX9HzF-S2EqIGdBugkWEWnwPbGyKDce5r5-fNu9PCJyqPWcGspwiuAaah32V2YM26czGYgSvjasTB_EQVhpHDn94a7lUDNgAX-sqbgH60bd3cBuxr2vm1O_TjP-_EzZy0RD02Yb82AEek291EZ40Q&amp;__tn__=*NK-R\" target=\"_blank\" rel=\"noopener\">#ElGobDeLosGuatemaltecos<\/a><\/p>\n<p><img decoding=\"async\" loading=\"lazy\" class=\"alignnone size-full wp-image-16041\" src=\"https:\/\/gobernacionaltaverapaz.gob.gt\/wp-content\/uploads\/2023\/08\/001-58.jpg\" alt=\"\" width=\"900\" height=\"895\" srcset=\"https:\/\/gobernacionaltaverapaz.gob.gt\/wp-content\/uploads\/2023\/08\/001-58.jpg 900w, https:\/\/gobernacionaltaverapaz.gob.gt\/wp-content\/uploads\/2023\/08\/001-58-300x298.jpg 300w, https:\/\/gobernacionaltaverapaz.gob.gt\/wp-content\/uploads\/2023\/08\/001-58-150x150.jpg 150w, https:\/\/gobernacionaltaverapaz.gob.gt\/wp-content\/uploads\/2023\/08\/001-58-768x764.jpg 768w, https:\/\/gobernacionaltaverapaz.gob.gt\/wp-content\/uploads\/2023\/08\/001-58-80x80.jpg 80w\" sizes=\"(max-width: 900px) 100vw, 900px\" \/> <img decoding=\"async\" loading=\"lazy\" class=\"alignnone size-full wp-image-16042\" src=\"https:\/\/gobernacionaltaverapaz.gob.gt\/wp-content\/uploads\/2023\/08\/002-54.jpg\" alt=\"\" width=\"900\" height=\"907\" srcset=\"https:\/\/gobernacionaltaverapaz.gob.gt\/wp-content\/uploads\/2023\/08\/002-54.jpg 900w, https:\/\/gobernacionaltaverapaz.gob.gt\/wp-content\/uploads\/2023\/08\/002-54-298x300.jpg 298w, https:\/\/gobernacionaltaverapaz.gob.gt\/wp-content\/uploads\/2023\/08\/002-54-150x150.jpg 150w, https:\/\/gobernacionaltaverapaz.gob.gt\/wp-content\/uploads\/2023\/08\/002-54-768x774.jpg 768w, https:\/\/gobernacionaltaverapaz.gob.gt\/wp-content\/uploads\/2023\/08\/002-54-80x80.jpg 80w\" sizes=\"(max-width: 900px) 100vw, 900px\" \/><\/p>\n","protected":false},"excerpt":{"rendered":"<p>Con el objetivo de Impulsar el desarrollo en el Departamento.<\/p>\n","protected":false},"author":1,"featured_media":16043,"comment_status":"closed","ping_status":"open","sticky":false,"template":"","format":"standard","meta":[],"categories":[183],"tags":[178],"_links":{"self":[{"href":"https:\/\/gobernacionaltaverapaz.gob.gt\/index.php?rest_route=\/wp\/v2\/posts\/16040"}],"collection":[{"href":"https:\/\/gobernacionaltaverapaz.gob.gt\/index.php?rest_route=\/wp\/v2\/posts"}],"about":[{"href":"https:\/\/gobernacionaltaverapaz.gob.gt\/index.php?rest_route=\/wp\/v2\/types\/post"}],"author":[{"embeddable":true,"href":"https:\/\/gobernacionaltaverapaz.gob.gt\/index.php?rest_route=\/wp\/v2\/users\/1"}],"replies":[{"embeddable":true,"href":"https:\/\/gobernacionaltaverapaz.gob.gt\/index.php?rest_route=%2Fwp%2Fv2%2Fcomments&post=16040"}],"version-history":[{"count":1,"href":"https:\/\/gobernacionaltaverapaz.gob.gt\/index.php?rest_route=\/wp\/v2\/posts\/16040\/revisions"}],"predecessor-version":[{"id":16044,"href":"https:\/\/gobernacionaltaverapaz.gob.gt\/index.php?rest_route=\/wp\/v2\/posts\/16040\/revisions\/16044"}],"wp:featuredmedia":[{"embeddable":true,"href":"https:\/\/gobernacionaltaverapaz.gob.gt\/index.php?rest_route=\/wp\/v2\/media\/16043"}],"wp:attachment":[{"href":"https:\/\/gobernacionaltaverapaz.gob.gt\/index.php?rest_route=%2Fwp%2Fv2%2Fmedia&parent=16040"}],"wp:term":[{"taxonomy":"category","embeddable":true,"href":"https:\/\/gobernacionaltaverapaz.gob.gt\/index.php?rest_route=%2Fwp%2Fv2%2Fcategories&post=16040"},{"taxonomy":"post_tag","embeddable":true,"href":"https:\/\/gobernacionaltaverapaz.gob.gt\/index.php?rest_route=%2Fwp%2Fv2%2Ftags&post=16040"}],"curies":[{"name":"wp","href":"https:\/\/api.w.org\/{rel}","templated":true}]}}