{"id":16045,"date":"2023-07-28T13:09:55","date_gmt":"2023-07-28T19:09:55","guid":{"rendered":"https:\/\/gobernacionaltaverapaz.gob.gt\/?p=16045"},"modified":"2023-08-04T09:49:48","modified_gmt":"2023-08-04T15:49:48","slug":"reunion-ordinaria-del-consejo-del-ejercicio-fiscal-2023","status":"publish","type":"post","link":"https:\/\/gobernacionaltaverapaz.gob.gt\/?p=16045","title":{"rendered":"Reuni\u00f3n Ordinaria del consejo del Ejercicio Fiscal 2023"},"content":{"rendered":"<p style=\"text-align: justify;\"><a href=\"https:\/\/www.facebook.com\/hashtag\/unidostransformamosguatemala?__eep__=6&amp;__cft__[0]=AZVaJwS7kPin8P79LBkigApHJTyNfZzY7xt4QOs8n6odbYv6wdFQDyJvzRK2nlfjIWRl9cA7kIxzL0A2IC6_We-2ITnXkPgYqGUWI6udWV6wUs8R29rriwhfVsRGpvhcfMxJ6zKQOTb96OInFersgoHcNfKEyow__eIEJeARZsPnGOB638wy-lNJJ3NWVzc4o9Y&amp;__tn__=*NK-R\" target=\"_blank\" rel=\"noopener\">#UnidosTransformamosGuatemala<\/a><\/p>\n<p style=\"text-align: justify;\">Derivado a la coordinaci\u00f3n que se realiza cada mes con las diferentes Instituciones representadas ante el organismo colegiado del <a href=\"https:\/\/www.facebook.com\/codede.av?__cft__[0]=AZVaJwS7kPin8P79LBkigApHJTyNfZzY7xt4QOs8n6odbYv6wdFQDyJvzRK2nlfjIWRl9cA7kIxzL0A2IC6_We-2ITnXkPgYqGUWI6udWV6wUs8R29rriwhfVsRGpvhcfMxJ6zKQOTb96OInFersgoHcNfKEyow__eIEJeARZsPnGOB638wy-lNJJ3NWVzc4o9Y&amp;__tn__=-]K-R\" target=\"_blank\" rel=\"noopener\">Codede AV<\/a>, para consensuar los diferentes temas que encaminan el Desarrollo de los 17 Municipios del Departamento de <a href=\"https:\/\/www.facebook.com\/hashtag\/altaverapaz?__eep__=6&amp;__cft__[0]=AZVaJwS7kPin8P79LBkigApHJTyNfZzY7xt4QOs8n6odbYv6wdFQDyJvzRK2nlfjIWRl9cA7kIxzL0A2IC6_We-2ITnXkPgYqGUWI6udWV6wUs8R29rriwhfVsRGpvhcfMxJ6zKQOTb96OInFersgoHcNfKEyow__eIEJeARZsPnGOB638wy-lNJJ3NWVzc4o9Y&amp;__tn__=*NK-R\" target=\"_blank\" rel=\"noopener\">#AltaVerapaz<\/a>. El d\u00eda de hoy en el sal\u00f3n de las Am\u00e9ricas, del Palacio de Gobernaci\u00f3n, se llev\u00f3 a cabo Reuni\u00f3n Ordinaria de \u00e9ste consejo del Ejercicio Fiscal 2023.<\/p>\n<p style=\"text-align: justify;\"><a href=\"https:\/\/www.facebook.com\/hashtag\/elgobdelosguatemaltecos?__eep__=6&amp;__cft__[0]=AZVaJwS7kPin8P79LBkigApHJTyNfZzY7xt4QOs8n6odbYv6wdFQDyJvzRK2nlfjIWRl9cA7kIxzL0A2IC6_We-2ITnXkPgYqGUWI6udWV6wUs8R29rriwhfVsRGpvhcfMxJ6zKQOTb96OInFersgoHcNfKEyow__eIEJeARZsPnGOB638wy-lNJJ3NWVzc4o9Y&amp;__tn__=*NK-R\" target=\"_blank\" rel=\"noopener\">#ElGobDeLosGuatemaltecos<\/a><\/p>\n<p><img decoding=\"async\" loading=\"lazy\" class=\"alignnone size-full wp-image-16046\" src=\"https:\/\/gobernacionaltaverapaz.gob.gt\/wp-content\/uploads\/2023\/08\/001-59.jpg\" alt=\"\" width=\"900\" height=\"851\" srcset=\"https:\/\/gobernacionaltaverapaz.gob.gt\/wp-content\/uploads\/2023\/08\/001-59.jpg 900w, https:\/\/gobernacionaltaverapaz.gob.gt\/wp-content\/uploads\/2023\/08\/001-59-300x284.jpg 300w, https:\/\/gobernacionaltaverapaz.gob.gt\/wp-content\/uploads\/2023\/08\/001-59-768x726.jpg 768w\" sizes=\"(max-width: 900px) 100vw, 900px\" \/> <img decoding=\"async\" loading=\"lazy\" class=\"alignnone size-full wp-image-16048\" src=\"https:\/\/gobernacionaltaverapaz.gob.gt\/wp-content\/uploads\/2023\/08\/003-34.jpg\" alt=\"\" width=\"900\" height=\"683\" srcset=\"https:\/\/gobernacionaltaverapaz.gob.gt\/wp-content\/uploads\/2023\/08\/003-34.jpg 900w, https:\/\/gobernacionaltaverapaz.gob.gt\/wp-content\/uploads\/2023\/08\/003-34-300x228.jpg 300w, https:\/\/gobernacionaltaverapaz.gob.gt\/wp-content\/uploads\/2023\/08\/003-34-768x583.jpg 768w\" sizes=\"(max-width: 900px) 100vw, 900px\" \/><\/p>\n","protected":false},"excerpt":{"rendered":"<p>#UnidosTransformamosGuatemala Derivado a la coordinaci\u00f3n que se realiza cada mes con las diferentes Instituciones representadas ante el organismo colegiado del Codede AV, para consensuar los diferentes temas que encaminan el Desarrollo de los 17 Municipios del Departamento de #AltaVerapaz. El d\u00eda de hoy en el sal\u00f3n de las Am\u00e9ricas, del Palacio de Gobernaci\u00f3n, se llev\u00f3 [&hellip;]<\/p>\n","protected":false},"author":1,"featured_media":16047,"comment_status":"closed","ping_status":"open","sticky":false,"template":"","format":"standard","meta":[],"categories":[183],"tags":[178],"_links":{"self":[{"href":"https:\/\/gobernacionaltaverapaz.gob.gt\/index.php?rest_route=\/wp\/v2\/posts\/16045"}],"collection":[{"href":"https:\/\/gobernacionaltaverapaz.gob.gt\/index.php?rest_route=\/wp\/v2\/posts"}],"about":[{"href":"https:\/\/gobernacionaltaverapaz.gob.gt\/index.php?rest_route=\/wp\/v2\/types\/post"}],"author":[{"embeddable":true,"href":"https:\/\/gobernacionaltaverapaz.gob.gt\/index.php?rest_route=\/wp\/v2\/users\/1"}],"replies":[{"embeddable":true,"href":"https:\/\/gobernacionaltaverapaz.gob.gt\/index.php?rest_route=%2Fwp%2Fv2%2Fcomments&post=16045"}],"version-history":[{"count":1,"href":"https:\/\/gobernacionaltaverapaz.gob.gt\/index.php?rest_route=\/wp\/v2\/posts\/16045\/revisions"}],"predecessor-version":[{"id":16049,"href":"https:\/\/gobernacionaltaverapaz.gob.gt\/index.php?rest_route=\/wp\/v2\/posts\/16045\/revisions\/16049"}],"wp:featuredmedia":[{"embeddable":true,"href":"https:\/\/gobernacionaltaverapaz.gob.gt\/index.php?rest_route=\/wp\/v2\/media\/16047"}],"wp:attachment":[{"href":"https:\/\/gobernacionaltaverapaz.gob.gt\/index.php?rest_route=%2Fwp%2Fv2%2Fmedia&parent=16045"}],"wp:term":[{"taxonomy":"category","embeddable":true,"href":"https:\/\/gobernacionaltaverapaz.gob.gt\/index.php?rest_route=%2Fwp%2Fv2%2Fcategories&post=16045"},{"taxonomy":"post_tag","embeddable":true,"href":"https:\/\/gobernacionaltaverapaz.gob.gt\/index.php?rest_route=%2Fwp%2Fv2%2Ftags&post=16045"}],"curies":[{"name":"wp","href":"https:\/\/api.w.org\/{rel}","templated":true}]}}